{"id":10812,"date":"2021-02-17T08:09:06","date_gmt":"2021-02-17T08:09:06","guid":{"rendered":"https:\/\/fibrosisquistica.org\/?p=10812"},"modified":"2021-06-22T10:47:08","modified_gmt":"2021-06-22T10:47:08","slug":"las-personas-con-fibrosis-quistica-reclaman-mas-informacion-sobre-la-estrategia-vacunacion-frente-a-la-covid-19-para-los-grupos-de-especial-riesgo","status":"publish","type":"post","link":"https:\/\/fibrosisquistica.org\/en\/las-personas-con-fibrosis-quistica-reclaman-mas-informacion-sobre-la-estrategia-vacunacion-frente-a-la-covid-19-para-los-grupos-de-especial-riesgo\/","title":{"rendered":"Las personas con Fibrosis Qu\u00edstica reclaman m\u00e1s informaci\u00f3n sobre la estrategia vacunaci\u00f3n frente a la COVID-19 para los grupos de especial riesgo"},"content":{"rendered":"<p><strong>La Federaci\u00f3n Espa\u00f1ola de Fibrosis Qu\u00edstica (FEFQ) se une a la Plataforma de Organizaciones de Pacientes (POP) y a COCEMFE en su petici\u00f3n al Ministerio de Sanidad y las comunidades aut\u00f3nomas de priorizar la vacunaci\u00f3n de las personas con discapacidad y enfermedades cr\u00f3nicas frente a la COVID-19, a la vez que solicita una mayor informaci\u00f3n sobre la estrategia de vacunaci\u00f3n para los grupos especialmente vulnerables.<\/strong><\/p>\n<p>Tras el anuncio del Ministerio de Sanidad la pasada semana acerca de los nuevos grupos de vacunaci\u00f3n, entre los que no se encontraban las personas con discapacidad y enfermedades cr\u00f3nicas, y\u00a0<strong>ante la<\/strong>\u00a0<strong>falta de informaci\u00f3n espec\u00edfica sobre la estrategia de vacunaci\u00f3n de las personas vulnerables<\/strong>\u00a0frente a la COVID-19, la FEFQ reclama que se priorice a los grupos ya considerados de riesgo por parte del Ministerio de Sanidad y se comuniquen tanto el modo como las fechas de vacunaci\u00f3n aproximadas para estos colectivos.<\/p>\n<p>La Fibrosis Qu\u00edstica es una enfermedad cr\u00f3nica y hereditaria por la que se produce un espesamiento de las secreciones que facilita la acumulaci\u00f3n de bacterias, virus u otros microorganismos que entran en los pulmones y provocan infecciones respiratorias. Algunos de estos microorganismos son especialmente peligrosos para las personas con FQ y\u00a0<strong>pueden conducir a una<\/strong>\u00a0<strong>disminuci\u00f3n m\u00e1s r\u00e1pida de la funci\u00f3n pulmonar<\/strong>. De ah\u00ed el especial riesgo que supone para ellas una posible infecci\u00f3n por COVID-19.<\/p>\n<p>Por tanto, la FEFQ se ha unido a la Plataforma de Organizaciones de Pacientes (POP) y a la Confederaci\u00f3n Espa\u00f1ola de Personas con Discapacidad F\u00edsica y Org\u00e1nica (COCEMFE) en las peticiones realizadas, tanto al Ministerio de Sanidad como a las comunidades aut\u00f3nomas,\u00a0<strong>para priorizar la vacunaci\u00f3n de las personas con discapacidad y enfermedades cr\u00f3nicas frente a la COVID-19<\/strong>, entre las que se encuentran las personas con Fibrosis Qu\u00edstica.<\/p>\n<p>Por su parte, la Fundaci\u00f3n Espa\u00f1ola de Fibrosis Qu\u00edstica (FundEFQ) remiti\u00f3 el pasado 25 de enero\u00a0<strong>una carta al Ministerio de Sanidad, de la que todav\u00eda no ha recibido respuesta,\u00a0<\/strong>en la que reclamaba una mayor informaci\u00f3n acerca de la estrategia de vacunaci\u00f3n y la fecha aproximada en que se iniciar\u00e1 la inmunizaci\u00f3n de las personas con Fibrosis Qu\u00edstica.<\/p>\n<p>En dicha carta se hace hincapi\u00e9 en la posibilidad\u00a0<strong>de vacunar al colectivo FQ en las Unidades de Fibrosis Qu\u00edstica<\/strong>\u00a0donde se realiza su seguimiento, para evitar entrar en contacto con otros pacientes y prevenir as\u00ed posibles infecciones cruzadas, ya que dichas unidades tienen la experiencia necesaria para organizar el proceso de manera segura para las personas con Fibrosis Qu\u00edstica.<\/p>\n<p>Por otro lado, la FundEFQ considera necesario priorizar aquellos casos dentro del colectivo que tengan un mayor riesgo ante un posible contagio por COVID-19, debido a su situaci\u00f3n personal por la Fibrosis Qu\u00edstica, as\u00ed como las\u00a0<strong>personas trasplantadas por su especial vulnerabilidad a causa del tratamiento inmunosupresor<\/strong>. Igualmente, se solicita la valoraci\u00f3n de incluir a convivientes con personas con FQ menores de 16 a\u00f1os dentro del grupo de vacunaci\u00f3n de las personas con Fibrosis Qu\u00edstica, ya que, a d\u00eda de hoy, la vacuna s\u00f3lo se administrar\u00e1 a mayores de 16 a\u00f1os.<\/p>\n<p><em>\u201cNuestra inquietud ante esta situaci\u00f3n es m\u00e1xima ya que, aparte de los riesgos por un posible contagio de COVID-19, las visitas presenciales se est\u00e1n reduciendo a empeoramientos evidentes y dejando en un segundo plano los dos pilares que han contribuido a una mayor supervivencia en Fibrosis Qu\u00edstica, como son la vigilancia activa y la anticipaci\u00f3n a las exacerbaciones\u201d,<\/em>\u00a0explica el\u00a0<strong>presidente de la Federaci\u00f3n y la Fundaci\u00f3n Espa\u00f1ola de FQ, Juan Da Silva<\/strong>, argumentando que\u00a0<em>\u201cla vacunaci\u00f3n de nuestro colectivo ayudar\u00e1 a volver a retomar en gran medida los controles de seguimiento hospitalario y a reactivar la presencialidad en los sistemas de apoyo en el tratamiento de una enfermedad tan compleja como la Fibrosis Qu\u00edstica\u201d.<\/em><\/p>","protected":false},"excerpt":{"rendered":"<p>La Federaci\u00f3n Espa\u00f1ola de Fibrosis&#8230;<\/p>","protected":false},"author":107,"featured_media":10824,"comment_status":"closed","ping_status":"closed","sticky":false,"template":"","format":"standard","meta":{"_acf_changed":false,"footnotes":""},"categories":[73,8,74],"tags":[],"class_list":{"0":"post-10812","1":"post","2":"type-post","3":"status-publish","4":"format-standard","5":"has-post-thumbnail","7":"category-covid-19","8":"category-federacion","9":"category-reivindicacion"},"acf":[],"_links":{"self":[{"href":"https:\/\/fibrosisquistica.org\/en\/wp-json\/wp\/v2\/posts\/10812","targetHints":{"allow":["GET"]}}],"collection":[{"href":"https:\/\/fibrosisquistica.org\/en\/wp-json\/wp\/v2\/posts"}],"about":[{"href":"https:\/\/fibrosisquistica.org\/en\/wp-json\/wp\/v2\/types\/post"}],"author":[{"embeddable":true,"href":"https:\/\/fibrosisquistica.org\/en\/wp-json\/wp\/v2\/users\/107"}],"replies":[{"embeddable":true,"href":"https:\/\/fibrosisquistica.org\/en\/wp-json\/wp\/v2\/comments?post=10812"}],"version-history":[{"count":2,"href":"https:\/\/fibrosisquistica.org\/en\/wp-json\/wp\/v2\/posts\/10812\/revisions"}],"predecessor-version":[{"id":11703,"href":"https:\/\/fibrosisquistica.org\/en\/wp-json\/wp\/v2\/posts\/10812\/revisions\/11703"}],"wp:featuredmedia":[{"embeddable":true,"href":"https:\/\/fibrosisquistica.org\/en\/wp-json\/wp\/v2\/media\/10824"}],"wp:attachment":[{"href":"https:\/\/fibrosisquistica.org\/en\/wp-json\/wp\/v2\/media?parent=10812"}],"wp:term":[{"taxonomy":"category","embeddable":true,"href":"https:\/\/fibrosisquistica.org\/en\/wp-json\/wp\/v2\/categories?post=10812"},{"taxonomy":"post_tag","embeddable":true,"href":"https:\/\/fibrosisquistica.org\/en\/wp-json\/wp\/v2\/tags?post=10812"}],"curies":[{"name":"wp","href":"https:\/\/api.w.org\/{rel}","templated":true}]}}