{"id":10826,"date":"2021-02-04T08:10:55","date_gmt":"2021-02-04T08:10:55","guid":{"rendered":"https:\/\/fibrosisquistica.org\/?p=10826"},"modified":"2021-06-22T10:44:55","modified_gmt":"2021-06-22T10:44:55","slug":"participa-en-la-encuesta-de-cf-europe-sobre-el-acceso-a-los-tratamientos-para-la-fibrosis-quistica","status":"publish","type":"post","link":"https:\/\/fibrosisquistica.org\/en\/participa-en-la-encuesta-de-cf-europe-sobre-el-acceso-a-los-tratamientos-para-la-fibrosis-quistica\/","title":{"rendered":"Participa en la encuesta de CF Europe sobre el acceso a los tratamientos para la Fibrosis Qu\u00edstica"},"content":{"rendered":"<p>La piedra angular del trabajo de\u00a0<a href=\"https:\/\/www.cf-europe.eu\/\" target=\"_blank\" rel=\"noreferrer noopener nofollow\">CF Europe<\/a>\u00a0siempre ha sido el acceso a un tratamiento \u00f3ptimo para todas las personas con Fibrosis Qu\u00edstica. Para profundizar en este tema de manera estructural y profesional, es necesario comprender las perspectivas y la experiencia vivida sobre el acceso a los medicamentos y la atenci\u00f3n de la Fibrosis Qu\u00edstica en los diferentes pa\u00edses.<\/p>\n<p>Por ello, durante el \u00faltimo a\u00f1o CF Europe ha desarrollado, junto con la asociaci\u00f3n\u00a0<a href=\"https:\/\/www.cysticfibrosis.org.uk\/\" target=\"_blank\" rel=\"noreferrer noopener nofollow\">CF Trust<\/a>\u00a0de Reino Unido, una encuesta sobre\u00a0<strong>el acceso a los medicamentos y la atenci\u00f3n de la Fibrosis Qu\u00edstica<\/strong>, dirigida a personas con FQ y familiares cuidadores. El objetivo de la encuesta es tener evidencias para reivindicar a nivel europeo y tambi\u00e9n que las organizaciones nacionales cuenten con las herramientas necesarias para realizar sus reivindicaciones a nivel nacional y regional.<\/p>\n<p>La encuesta puede responderse en unos\u00a0<strong>10 o 15 minutos<\/strong>\u00a0aproximadamente.<\/p>\n<p>Los datos recopilados ser\u00e1n an\u00f3nimos, se almacenar\u00e1n de forma segura y s\u00f3lo se utilizar\u00e1n para el objetivo de este proyecto. Adem\u00e1s, se utilizar\u00e1n para una publicaci\u00f3n sobre la situaci\u00f3n del acceso al tratamiento de la FQ en Europa. Despu\u00e9s de eso, los datos ser\u00e1n eliminados. Al participar en la encuesta, las personas encuestadas aceptan que se empleen sus respuestas para estos objetivos, explicados anteriormente.<\/p>\n<p>Cuantas m\u00e1s personas completen esta encuesta, m\u00e1s datos tendremos que sirvan como base para reivindicar una mejor atenci\u00f3n de la Fibrosis Qu\u00edstica a nivel europeo, pero tambi\u00e9n a nivel nacional y regional.<\/p>\n<p>Las encuestas se pueden responder a trav\u00e9s de SurveyMonkey en los siguientes enlaces:<\/p>\n<ul>\n<li><strong>Encuesta a personas con FQ:<\/strong>\u00a0<a href=\"https:\/\/www.surveymonkey.com\/r\/QY5VXFS?lang=es\" rel=\"nofollow noopener\" target=\"_blank\">https:\/\/www.surveymonkey.com\/r\/QY5VXFS?lang=es<\/a><\/li>\n<\/ul>\n<ul>\n<li><strong>Encuesta a familiares cuidadores:<\/strong>\u00a0<a href=\"https:\/\/www.surveymonkey.com\/r\/Q2JXNVG?lang=es\" rel=\"nofollow noopener\" target=\"_blank\">https:\/\/www.surveymonkey.com\/r\/Q2JXNVG?lang=es<\/a><\/li>\n<\/ul>\n<p><span class=\"has-inline-color has-white-color\">\u2013<\/span><\/p>\n<p>La fecha l\u00edmite para completar las encuestas es el mi\u00e9rcoles\u00a0<strong>31 de marzo de 2021.<\/strong><\/p>\n<p>Muchas gracias por vuestra colaboraci\u00f3n en este importante proyecto.<\/p>","protected":false},"excerpt":{"rendered":"<p>La piedra angular del trabajo&#8230;<\/p>","protected":false},"author":107,"featured_media":10823,"comment_status":"closed","ping_status":"closed","sticky":false,"template":"","format":"standard","meta":{"_acf_changed":false,"footnotes":""},"categories":[8,64,74,29],"tags":[],"class_list":{"0":"post-10826","1":"post","2":"type-post","3":"status-publish","4":"format-standard","5":"has-post-thumbnail","7":"category-federacion","8":"category-investigacion","9":"category-reivindicacion","10":"category-tratamiento"},"acf":[],"_links":{"self":[{"href":"https:\/\/fibrosisquistica.org\/en\/wp-json\/wp\/v2\/posts\/10826","targetHints":{"allow":["GET"]}}],"collection":[{"href":"https:\/\/fibrosisquistica.org\/en\/wp-json\/wp\/v2\/posts"}],"about":[{"href":"https:\/\/fibrosisquistica.org\/en\/wp-json\/wp\/v2\/types\/post"}],"author":[{"embeddable":true,"href":"https:\/\/fibrosisquistica.org\/en\/wp-json\/wp\/v2\/users\/107"}],"replies":[{"embeddable":true,"href":"https:\/\/fibrosisquistica.org\/en\/wp-json\/wp\/v2\/comments?post=10826"}],"version-history":[{"count":2,"href":"https:\/\/fibrosisquistica.org\/en\/wp-json\/wp\/v2\/posts\/10826\/revisions"}],"predecessor-version":[{"id":11702,"href":"https:\/\/fibrosisquistica.org\/en\/wp-json\/wp\/v2\/posts\/10826\/revisions\/11702"}],"wp:featuredmedia":[{"embeddable":true,"href":"https:\/\/fibrosisquistica.org\/en\/wp-json\/wp\/v2\/media\/10823"}],"wp:attachment":[{"href":"https:\/\/fibrosisquistica.org\/en\/wp-json\/wp\/v2\/media?parent=10826"}],"wp:term":[{"taxonomy":"category","embeddable":true,"href":"https:\/\/fibrosisquistica.org\/en\/wp-json\/wp\/v2\/categories?post=10826"},{"taxonomy":"post_tag","embeddable":true,"href":"https:\/\/fibrosisquistica.org\/en\/wp-json\/wp\/v2\/tags?post=10826"}],"curies":[{"name":"wp","href":"https:\/\/api.w.org\/{rel}","templated":true}]}}