{"id":10827,"date":"2021-02-01T08:10:55","date_gmt":"2021-02-01T08:10:55","guid":{"rendered":"https:\/\/fibrosisquistica.org\/?p=10827"},"modified":"2021-06-22T10:43:07","modified_gmt":"2021-06-22T10:43:07","slug":"exencion-del-copago-farmaceutico-para-menores-con-discapacidad-del-33","status":"publish","type":"post","link":"https:\/\/fibrosisquistica.org\/en\/exencion-del-copago-farmaceutico-para-menores-con-discapacidad-del-33\/","title":{"rendered":"Exenci\u00f3n del copago farmac\u00e9utico para menores con discapacidad del 33%"},"content":{"rendered":"<p>El pasado 1 de enero de 2021 se aprob\u00f3 la Ley de Presupuestos Generales del Estado para el a\u00f1o 2021 donde se expone que cualquier<strong> menor de edad con un grado de discapacidad reconocido igual o superior al 33% estar\u00e1 exentos del copago de los medicamentos<\/strong>\u00a0recetados por el Sistema Nacional de Salud.<\/p>\n<p>Hay dos circunstancias para tener en cuenta:<\/p>\n<ol type=\"1\">\n<li>Si se tiene una prestaci\u00f3n familiar\u00a0de la SS por tener un hijo menor con discapacidad, no se necesita realizar ning\u00fan tr\u00e1mite, debido a que se est\u00e1n adaptando las aplicaciones inform\u00e1ticas de la base de datos de asistencia sanitaria y de las farmacias para que nuestros hijos e hijas queden registrados como exentos del copago farmac\u00e9utico.<\/li>\n<li>Si no se tiene esa prestaci\u00f3n, se puede solicitar la exenci\u00f3n farmac\u00e9utica presentando un escrito ante el INSS acompa\u00f1ado del certificado de discapacidad de tu hijo\/a.<\/li>\n<\/ol>\n<p>La solicitud se puede descargar\u00a0<a href=\"https:\/\/uploads-ssl.webflow.com\/5c2fb28da059f34fd66098b6\/601002e583c7216c9cf1f42b_SOLICITUD%20FARMACIA%20GRATUITA%20PARA%20MENORES%20%20CON%20DISCAPACIDAD%20%E2%89%A533%25.pdf\" rel=\"nofollow noopener\" target=\"_blank\"><strong>aqu\u00ed<\/strong><\/a>.<\/p>\n<p>Se puede presentar:<\/p>\n<ul>\n<li>A trav\u00e9s de la sede electr\u00f3nica del Instituto de la Seguridad Social<\/li>\n<li>Enviando los documentos pinchando\u00a0<a href=\"https:\/\/w6.seg-social.es\/ProsaInternetAnonimo\/OnlineAccess?ARQ.SPM.ACTION=LOGIN&amp;ARQ.SPM.APPTYPE=SERVICE&amp;ARQ.IDAPP=FRCOGENE&amp;ORGANISMO=I\" rel=\"nofollow noopener\" target=\"_blank\"><strong>aqu\u00ed<\/strong><\/a><\/li>\n<\/ul>\n<p>&nbsp;<\/p>\n<p>M\u00e1s informaci\u00f3n sobre esta noticia en el siguiente enlace:\u00a0<a href=\"https:\/\/www.cincosentidosymedio.org\/post\/exencion-del-copago-farmaceutico-en-menores-con-discapacidad-informacion-y-tramites\" rel=\"nofollow noopener\" target=\"_blank\"><strong>https:\/\/www.cincosentidosymedio.org\/post\/exencion-del-copago-farmaceutico-en-menores-con-discapacidad-informacion-y-tramites<\/strong><\/a><\/p>","protected":false},"excerpt":{"rendered":"<p>El pasado 1 de enero&#8230;<\/p>","protected":false},"author":107,"featured_media":0,"comment_status":"closed","ping_status":"closed","sticky":false,"template":"","format":"standard","meta":{"_acf_changed":false,"footnotes":""},"categories":[76,78],"tags":[],"class_list":{"0":"post-10827","1":"post","2":"type-post","3":"status-publish","4":"format-standard","6":"category-discapacidad","7":"category-psicosocial"},"acf":[],"_links":{"self":[{"href":"https:\/\/fibrosisquistica.org\/en\/wp-json\/wp\/v2\/posts\/10827","targetHints":{"allow":["GET"]}}],"collection":[{"href":"https:\/\/fibrosisquistica.org\/en\/wp-json\/wp\/v2\/posts"}],"about":[{"href":"https:\/\/fibrosisquistica.org\/en\/wp-json\/wp\/v2\/types\/post"}],"author":[{"embeddable":true,"href":"https:\/\/fibrosisquistica.org\/en\/wp-json\/wp\/v2\/users\/107"}],"replies":[{"embeddable":true,"href":"https:\/\/fibrosisquistica.org\/en\/wp-json\/wp\/v2\/comments?post=10827"}],"version-history":[{"count":2,"href":"https:\/\/fibrosisquistica.org\/en\/wp-json\/wp\/v2\/posts\/10827\/revisions"}],"predecessor-version":[{"id":11700,"href":"https:\/\/fibrosisquistica.org\/en\/wp-json\/wp\/v2\/posts\/10827\/revisions\/11700"}],"wp:attachment":[{"href":"https:\/\/fibrosisquistica.org\/en\/wp-json\/wp\/v2\/media?parent=10827"}],"wp:term":[{"taxonomy":"category","embeddable":true,"href":"https:\/\/fibrosisquistica.org\/en\/wp-json\/wp\/v2\/categories?post=10827"},{"taxonomy":"post_tag","embeddable":true,"href":"https:\/\/fibrosisquistica.org\/en\/wp-json\/wp\/v2\/tags?post=10827"}],"curies":[{"name":"wp","href":"https:\/\/api.w.org\/{rel}","templated":true}]}}