{"id":10834,"date":"2021-03-12T08:17:29","date_gmt":"2021-03-12T08:17:29","guid":{"rendered":"https:\/\/fibrosisquistica.org\/?p=10834"},"modified":"2021-06-22T13:33:02","modified_gmt":"2021-06-22T13:33:02","slug":"sanidad-incluye-de-forma-prioritaria-a-las-personas-trasplantadas-y-en-lista-de-espera-dentro-de-la-estrategia-de-vacunacion-covid-19","status":"publish","type":"post","link":"https:\/\/fibrosisquistica.org\/en\/sanidad-incluye-de-forma-prioritaria-a-las-personas-trasplantadas-y-en-lista-de-espera-dentro-de-la-estrategia-de-vacunacion-covid-19\/","title":{"rendered":"Sanidad incluye, de forma prioritaria, a las personas trasplantadas y en lista de espera dentro de la estrategia de vacunaci\u00f3n Covid-19"},"content":{"rendered":"<p><strong>La Comisi\u00f3n de Salud P\u00fablica aprob\u00f3 ayer incluir, de forma prioritaria, a los\u00a0grupos de alto riesgo\u00a0para enfermedad grave por Covid-19 dentro de la estrategia de vacunaci\u00f3n.<\/strong><\/p>\n<p>Seg\u00fan\u00a0<a href=\"https:\/\/www.mscbs.gob.es\/gabinete\/notasPrensa.do?id=5266\" target=\"_blank\" rel=\"noreferrer noopener nofollow\" data-type=\"URL\" data-id=\"https:\/\/www.mscbs.gob.es\/gabinete\/notasPrensa.do?id=5266\">ha informado el Ministerio de Sanidad<\/a>, entre ellos se incluyen\u00a0las personas con trasplante de m\u00e9dula \u00f3sea, trasplante de \u00f3rgano s\u00f3lido y en lista de espera para \u00e9ste, personas en hemodi\u00e1lisis y di\u00e1lisis peritoneal, enfermedad oncohematol\u00f3gica, c\u00e1ncer de \u00f3rgano s\u00f3lido en tratamiento con quimioterapia citot\u00f3xica, c\u00e1ncer de pulm\u00f3n en tratamiento con quimioterapia o inmunoterapia y personas con S\u00edndrome de Down mayores de 40 a\u00f1os.<\/p>\n<p>Este grupo ser\u00e1 vacunado simult\u00e1neamente a las personas de entre 70 y 79 a\u00f1os, que es el siguiente grupo despu\u00e9s de mayores de 80.<\/p>\n<p>La Comisi\u00f3n ha considerado que estas personas son las m\u00e1s vulnerables y quienes m\u00e1s riesgo tienen de fallecer o ingresar en UCI por Covid. Aunque <strong>todav\u00eda no est\u00e1 cerrada la actualizaci\u00f3n 5 de la estrategia de vacunas, donde se definir\u00e1n los pr\u00f3ximos grupos de enfermos cr\u00f3nicos<\/strong>\u00a0a los que se inmunizar\u00e1 en la campa\u00f1a de vacunaci\u00f3n.<\/p>\n<p>Desde\u00a0<a href=\"https:\/\/fibrosisquistica.org\/en\/las-personas-con-fibrosis-quistica-reclaman-mas-informacion-sobre-la-estrategia-vacunacion-frente-a-la-covid-19-para-los-grupos-de-especial-riesgo\/\" target=\"_blank\" rel=\"noreferrer noopener\" data-type=\"URL\" data-id=\"https:\/\/fibrosisquistica.org\/las-personas-con-fibrosis-quistica-reclaman-mas-informacion-sobre-la-estrategia-vacunacion-frente-a-la-covid-19-para-los-grupos-de-especial-riesgo\/\">la Federaci\u00f3n Espa\u00f1ola de Fibrosis Qu\u00edstica y la Plataforma de Organizaciones de Pacientes hemos estado reclamando<\/a>\u00a0al Ministerio de Sanidad la importancia de priorizar a las personas con enfermedades cr\u00f3nicas dentro de la estrategia de vacunaci\u00f3n frente a la Covid-19 debido a su especial vulnerabilidad. Celebramos que se haya incluido ya a las personas trasplantadas y en lista de espera por su mayor riesgo de contraer Covid y desarrollar una enfermedad grave, pero seguimos solicitando que se tenga en cuenta al resto de personas con Fibrosis Qu\u00edstica debido al riesgo de su patolog\u00eda respiratoria.<\/p>","protected":false},"excerpt":{"rendered":"<p>La Comisi\u00f3n de Salud P\u00fablica&#8230;<\/p>","protected":false},"author":107,"featured_media":10820,"comment_status":"closed","ping_status":"closed","sticky":false,"template":"","format":"standard","meta":{"_acf_changed":false,"footnotes":""},"categories":[73,74,75],"tags":[],"class_list":{"0":"post-10834","1":"post","2":"type-post","3":"status-publish","4":"format-standard","5":"has-post-thumbnail","7":"category-covid-19","8":"category-reivindicacion","9":"category-trasplante"},"acf":[],"_links":{"self":[{"href":"https:\/\/fibrosisquistica.org\/en\/wp-json\/wp\/v2\/posts\/10834","targetHints":{"allow":["GET"]}}],"collection":[{"href":"https:\/\/fibrosisquistica.org\/en\/wp-json\/wp\/v2\/posts"}],"about":[{"href":"https:\/\/fibrosisquistica.org\/en\/wp-json\/wp\/v2\/types\/post"}],"author":[{"embeddable":true,"href":"https:\/\/fibrosisquistica.org\/en\/wp-json\/wp\/v2\/users\/107"}],"replies":[{"embeddable":true,"href":"https:\/\/fibrosisquistica.org\/en\/wp-json\/wp\/v2\/comments?post=10834"}],"version-history":[{"count":2,"href":"https:\/\/fibrosisquistica.org\/en\/wp-json\/wp\/v2\/posts\/10834\/revisions"}],"predecessor-version":[{"id":11705,"href":"https:\/\/fibrosisquistica.org\/en\/wp-json\/wp\/v2\/posts\/10834\/revisions\/11705"}],"wp:featuredmedia":[{"embeddable":true,"href":"https:\/\/fibrosisquistica.org\/en\/wp-json\/wp\/v2\/media\/10820"}],"wp:attachment":[{"href":"https:\/\/fibrosisquistica.org\/en\/wp-json\/wp\/v2\/media?parent=10834"}],"wp:term":[{"taxonomy":"category","embeddable":true,"href":"https:\/\/fibrosisquistica.org\/en\/wp-json\/wp\/v2\/categories?post=10834"},{"taxonomy":"post_tag","embeddable":true,"href":"https:\/\/fibrosisquistica.org\/en\/wp-json\/wp\/v2\/tags?post=10834"}],"curies":[{"name":"wp","href":"https:\/\/api.w.org\/{rel}","templated":true}]}}