{"id":11334,"date":"2021-04-21T09:07:19","date_gmt":"2021-04-21T09:07:19","guid":{"rendered":"https:\/\/fibrosisquistica.org\/?p=11334"},"modified":"2021-06-22T14:42:30","modified_gmt":"2021-06-22T14:42:30","slug":"11334-2","status":"publish","type":"post","link":"https:\/\/fibrosisquistica.org\/en\/11334-2\/","title":{"rendered":"Las Cortes de Arag\u00f3n aprueban una declaraci\u00f3n institucional de apoyo a las personas con Fibrosis Qu\u00edstica"},"content":{"rendered":"<p>El pleno de las Cortes de Arag\u00f3n ha aprobado esta ma\u00f1ana por unanimidad una Declaraci\u00f3n Institucional con la que muestra su apoyo a las personas con Fibrosis Qu\u00edstica y a sus familias.<\/p>\n<p>La lectura de la declaraci\u00f3n ha sido realizada en el marco de la celebraci\u00f3n del D\u00eda Nacional de la Fibrosis Qu\u00edstica, que tendr\u00e1 lugar el pr\u00f3ximo 28 de abril (cuarto mi\u00e9rcoles de abril), y a la misma han acudido dos representantes de la <a href=\"https:\/\/fqaragon.org\/\" rel=\"nofollow noopener\" target=\"_blank\">Asociaci\u00f3n Aragonesa de Fibrosis Qu\u00edstica<\/a>, Jos\u00e9 Antonio Hern\u00e1ndez y Cristina Simal.<\/p>\n<p>Con esta declaraci\u00f3n, el pleno de las Cortes de Arag\u00f3n manifiesta su solidaridad con todas las personas afectadas y declara su compromiso con las necesidades de atenci\u00f3n que requieren para desarrollar su vida con normalidad.<\/p>\n<p>Adem\u00e1s, el Palacio de la Aljafer\u00eda, sede de las Cortes de Arag\u00f3n, se iluminar\u00e1 el pr\u00f3ximo 28 de abril con los colores de la Fibrosis Qu\u00edstica (verde y naranja).<\/p>\n<blockquote class=\"twitter-tweet\">\n<p dir=\"ltr\" lang=\"es\">&#x1f4dd;El <a href=\"https:\/\/twitter.com\/hashtag\/PlenoArag%C3%B3n?src=hash&amp;ref_src=twsrc%5Etfw\" rel=\"nofollow noopener\" target=\"_blank\">#PlenoArag\u00f3n<\/a> manifiesta con motivo del <a href=\"https:\/\/twitter.com\/hashtag\/D%C3%ADadelaFibrosisQu%C3%ADstica?src=hash&amp;ref_src=twsrc%5Etfw\" rel=\"nofollow noopener\" target=\"_blank\">#D\u00edadelaFibrosisQu\u00edstica<\/a> su solidaridad con todas las personas afectadas y declaran su compromiso con las necesidades de atenci\u00f3n que requieren para desarrollar su vida con normalidad.<\/p>\n<p>&#x1f4a1;<a href=\"https:\/\/twitter.com\/laaljaferia?ref_src=twsrc%5Etfw\" rel=\"nofollow noopener\" target=\"_blank\">@laaljaferia<\/a> se iluminar\u00e1 el 28 de abril. <a href=\"https:\/\/t.co\/FfZY4gzLpj\" rel=\"nofollow\">pic.twitter.com\/FfZY4gzLpj<\/a><\/p>\n<p>\u2014 Cortes de Arag\u00f3n (@cortes_aragon) <a href=\"https:\/\/twitter.com\/cortes_aragon\/status\/1384776661720305664?ref_src=twsrc%5Etfw\" rel=\"nofollow noopener\" target=\"_blank\">April 21, 2021<\/a><\/p><\/blockquote>\n<p><script async src=\"https:\/\/platform.twitter.com\/widgets.js\" charset=\"utf-8\"><\/script><\/p>\n<p>Con este son ya seis los parlamentos auton\u00f3micos (tras los compromisos de Galicia, Murcia, Navarra, Extremadura y Baleares) que se han sumado a esta iniciativa aprobada en el\u00a0<a href=\"http:\/\/fundacion.fefq.es\/wp-content\/uploads\/2020\/09\/200911-Declaracion-Institucional.pdf\" rel=\"nofollow noopener\" target=\"_blank\">Congreso de los Diputados<\/a>\u00a0el pasado 8 de septiembre, con motivo del D\u00eda Mundial de la Fibrosis Qu\u00edstica, a petici\u00f3n de la\u00a0<a href=\"http:\/\/fundacion.fefq.es\/\" rel=\"nofollow noopener\" target=\"_blank\">Fundaci\u00f3n Espa\u00f1ola de FQ<\/a>.<\/p>\n<p>&nbsp;<\/p>","protected":false},"excerpt":{"rendered":"<p>El pleno de las Cortes&#8230;<\/p>","protected":false},"author":22,"featured_media":11335,"comment_status":"closed","ping_status":"closed","sticky":false,"template":"","format":"standard","meta":{"_acf_changed":false,"footnotes":""},"categories":[72,8,74],"tags":[],"class_list":{"0":"post-11334","1":"post","2":"type-post","3":"status-publish","4":"format-standard","5":"has-post-thumbnail","7":"category-asociaciones","8":"category-federacion","9":"category-reivindicacion"},"acf":[],"_links":{"self":[{"href":"https:\/\/fibrosisquistica.org\/en\/wp-json\/wp\/v2\/posts\/11334","targetHints":{"allow":["GET"]}}],"collection":[{"href":"https:\/\/fibrosisquistica.org\/en\/wp-json\/wp\/v2\/posts"}],"about":[{"href":"https:\/\/fibrosisquistica.org\/en\/wp-json\/wp\/v2\/types\/post"}],"author":[{"embeddable":true,"href":"https:\/\/fibrosisquistica.org\/en\/wp-json\/wp\/v2\/users\/22"}],"replies":[{"embeddable":true,"href":"https:\/\/fibrosisquistica.org\/en\/wp-json\/wp\/v2\/comments?post=11334"}],"version-history":[{"count":3,"href":"https:\/\/fibrosisquistica.org\/en\/wp-json\/wp\/v2\/posts\/11334\/revisions"}],"predecessor-version":[{"id":11711,"href":"https:\/\/fibrosisquistica.org\/en\/wp-json\/wp\/v2\/posts\/11334\/revisions\/11711"}],"wp:featuredmedia":[{"embeddable":true,"href":"https:\/\/fibrosisquistica.org\/en\/wp-json\/wp\/v2\/media\/11335"}],"wp:attachment":[{"href":"https:\/\/fibrosisquistica.org\/en\/wp-json\/wp\/v2\/media?parent=11334"}],"wp:term":[{"taxonomy":"category","embeddable":true,"href":"https:\/\/fibrosisquistica.org\/en\/wp-json\/wp\/v2\/categories?post=11334"},{"taxonomy":"post_tag","embeddable":true,"href":"https:\/\/fibrosisquistica.org\/en\/wp-json\/wp\/v2\/tags?post=11334"}],"curies":[{"name":"wp","href":"https:\/\/api.w.org\/{rel}","templated":true}]}}