{"id":11457,"date":"2021-05-03T14:05:40","date_gmt":"2021-05-03T14:05:40","guid":{"rendered":"https:\/\/fibrosisquistica.org\/?p=11457"},"modified":"2021-05-06T07:26:14","modified_gmt":"2021-05-06T07:26:14","slug":"unete-a-esta-campana-de-visibilizacion-del-colectivo-fq-para-reclamar-la-vacuna-covid","status":"publish","type":"post","link":"https:\/\/fibrosisquistica.org\/en\/unete-a-esta-campana-de-visibilizacion-del-colectivo-fq-para-reclamar-la-vacuna-covid\/","title":{"rendered":"\u00danete a esta campa\u00f1a de visibilizaci\u00f3n del colectivo FQ para reclamar la vacuna COVID"},"content":{"rendered":"<p>Tres personas del colectivo FQ han iniciado una campa\u00f1a para visibilizar la dif\u00edcil situaci\u00f3n en la que se encuentran las personas con Fibrosis Qu\u00edstica en medio de esta pandemia de COVID-19 y sin acceso todav\u00eda a la vacuna, pese a ser un grupo de riesgo reconocido por sociedades m\u00e9dicas, como la <a href=\"http:\/\/sefq.es\/\" rel=\"nofollow noopener\" target=\"_blank\">SEFQ<\/a>, la <a href=\"https:\/\/www.elsevier.es\/en-revista-open-respiratory-archives-11-avance-resumen-recomendaciones-separ-sobre-vacuna-covid-19-S2659663621000163?fbclid=IwAR2wEt8fAYdLmbg9NJKqccKtvK3um_IOigMwUtD8AYn8F-Ht8F9YoPuYw9U\" rel=\"nofollow noopener\" target=\"_blank\">SEPAR<\/a> o la <a href=\"https:\/\/www.sempsph.com\/images\/Consenso_Recomendaciones_SEMPSPH_08022021_PDF_M%C3%81S_CLARO1%201.pdf\" rel=\"nofollow noopener\" target=\"_blank\">SEMPSPH<\/a>.<\/p>\n<p>Las personas con Fibrosis Qu\u00edstica tienen un mayor riesgo de sufrir complicaciones en caso de una infecci\u00f3n por COVID-19, debido a su patolog\u00eda respiratoria y degenerativa, que en la mayor\u00eda de casos produce una importante reducci\u00f3n de su capacidad pulmonar. Por ello, las personas con FQ se aislaron antes y de manera m\u00e1s estricta que la poblaci\u00f3n general, llevan confinadas m\u00e1s de un a\u00f1o y la situaci\u00f3n se est\u00e1 haciendo insostenible. Necesitan volver a salir a la calle, volver a hacer vida normal con seguridad y, sobre todo, volver a sus consultas hospitalarias.<\/p>\n<h4 style=\"text-align: center;\"><strong>\u00bfY si estuvieras a tan s\u00f3lo una foto de la vacuna?<\/strong><\/h4>\n<p>&nbsp;<\/p>\n<p>Esta iniciativa pretende hacer un llamamiento a todas las personas, <strong>tengan o no Fibrosis Qu\u00edstica<\/strong>, para que se hagan una foto en un balc\u00f3n o junto a la ventana mirando al exterior, que refleje su anhelo por poder salir a la calle con seguridad. La persona de la fotograf\u00eda puede llevar las gafas nasales del concentrador de ox\u00edgeno, un nebulizar\u2026 o nada, como prefieran; y deber\u00e1 llevar una manga subida, como en el gesto que se hace al descubrir el brazo para recibir la vacuna.<\/p>\n<p>Todas estas fotos se pueden enviar a <a href=\"mailto:vacunafqya@gmail.com\">vacunafqya@gmail.com<\/a> hasta el viernes 7 de mayo. Y con todas las fotograf\u00edas recibidas se har\u00e1 una fotocomposici\u00f3n o un v\u00eddeo.<\/p>\n<p>Adem\u00e1s, tal y como explican en su perfil de Instagram, pod\u00e9is compartir estas fotograf\u00edas en vuestras redes sociales con el hashtag <strong>#VacunaCovidFQya<\/strong>.<\/p>\n<blockquote><p>\u201cSi est\u00e1s trasplantado o en lista, si ya te han vacunado por otro motivo, si en tu CCAA ya vacunan, sigue empujando por los dem\u00e1s. Y si a\u00fan no te ha tocado ni parece que se vayan a acordar de ti, sigue, por todos y por ti. Pacientes bien organizados han conseguido grandes cosas fuera de nuestras fronteras \u00bfPor qu\u00e9 no lo vamos a hacer nosotros?\u201d \u2013 afirman las impulsoras de <a href=\"https:\/\/www.instagram.com\/vacunacovidfqya\/\" rel=\"nofollow noopener\" target=\"_blank\">@vacunacovidfqya<\/a>.<\/p><\/blockquote>\n<p style=\"text-align: center;\"><a href=\"https:\/\/fibrosisquistica.org\/en\/unete-a-esta-campana-de-visibilizacion-del-colectivo-fq-para-reclamar-la-vacuna-covid\/vacuna-fq-ya\/\" rel=\"attachment wp-att-11459\"><img loading=\"lazy\" decoding=\"async\" class=\"alignnone wp-image-11459 size-full\" src=\"https:\/\/fibrosisquistica.org\/wp-content\/uploads\/2021\/05\/VACUNA-FQ-YA-e1620049202389.jpg\" alt=\"\" width=\"597\" height=\"447\" title=\"\" srcset=\"https:\/\/fibrosisquistica.org\/wp-content\/uploads\/2021\/05\/VACUNA-FQ-YA-e1620049202389.jpg 597w, https:\/\/fibrosisquistica.org\/wp-content\/uploads\/2021\/05\/VACUNA-FQ-YA-e1620049202389-300x225.jpg 300w\" sizes=\"auto, (max-width: 597px) 100vw, 597px\" \/><\/a><\/p>\n<p style=\"text-align: center;\"><strong>#VacunaCovidFQya<\/strong><\/p>\n<p>&nbsp;<\/p>\n<p style=\"text-align: left;\">Desde la <strong>Federaci\u00f3n Espa\u00f1ola de Fibrosis Qu\u00edstica<\/strong> apoyamos esta iniciativa y seguimos trasladando al Ministerio de Sanidad la URGENCIA de que las personas con Fibrosis Qu\u00edstica sean incluidas en el calendario de vacunaci\u00f3n como grupo de riesgo prioritario, extendiendo dicha indicaci\u00f3n hacia sus cuidadores y convivientes en el caso de los menores de 16 a\u00f1os.<\/p>\n<p>Pod\u00e9is leer tambi\u00e9n: <a href=\"https:\/\/fibrosisquistica.org\/en\/las-personas-con-fibrosis-quistica-continuan-reclamando-ser-vacunadas-de-forma-prioritaria-frente-a-la-covid-19\/\">Las personas con Fibrosis Qu\u00edstica contin\u00faan reclamando ser vacunadas de forma prioritaria frente a la COVID-19<\/a><\/p>\n<p>&nbsp;<\/p>","protected":false},"excerpt":{"rendered":"<p>Tres personas del colectivo FQ&#8230;<\/p>","protected":false},"author":22,"featured_media":11464,"comment_status":"closed","ping_status":"closed","sticky":false,"template":"","format":"standard","meta":{"_acf_changed":false,"footnotes":""},"categories":[73,74],"tags":[],"class_list":{"0":"post-11457","1":"post","2":"type-post","3":"status-publish","4":"format-standard","5":"has-post-thumbnail","7":"category-covid-19","8":"category-reivindicacion"},"acf":[],"_links":{"self":[{"href":"https:\/\/fibrosisquistica.org\/en\/wp-json\/wp\/v2\/posts\/11457","targetHints":{"allow":["GET"]}}],"collection":[{"href":"https:\/\/fibrosisquistica.org\/en\/wp-json\/wp\/v2\/posts"}],"about":[{"href":"https:\/\/fibrosisquistica.org\/en\/wp-json\/wp\/v2\/types\/post"}],"author":[{"embeddable":true,"href":"https:\/\/fibrosisquistica.org\/en\/wp-json\/wp\/v2\/users\/22"}],"replies":[{"embeddable":true,"href":"https:\/\/fibrosisquistica.org\/en\/wp-json\/wp\/v2\/comments?post=11457"}],"version-history":[{"count":7,"href":"https:\/\/fibrosisquistica.org\/en\/wp-json\/wp\/v2\/posts\/11457\/revisions"}],"predecessor-version":[{"id":11471,"href":"https:\/\/fibrosisquistica.org\/en\/wp-json\/wp\/v2\/posts\/11457\/revisions\/11471"}],"wp:featuredmedia":[{"embeddable":true,"href":"https:\/\/fibrosisquistica.org\/en\/wp-json\/wp\/v2\/media\/11464"}],"wp:attachment":[{"href":"https:\/\/fibrosisquistica.org\/en\/wp-json\/wp\/v2\/media?parent=11457"}],"wp:term":[{"taxonomy":"category","embeddable":true,"href":"https:\/\/fibrosisquistica.org\/en\/wp-json\/wp\/v2\/categories?post=11457"},{"taxonomy":"post_tag","embeddable":true,"href":"https:\/\/fibrosisquistica.org\/en\/wp-json\/wp\/v2\/tags?post=11457"}],"curies":[{"name":"wp","href":"https:\/\/api.w.org\/{rel}","templated":true}]}}