{"id":11484,"date":"2021-05-11T07:28:19","date_gmt":"2021-05-11T07:28:19","guid":{"rendered":"https:\/\/fibrosisquistica.org\/?p=11484"},"modified":"2021-10-08T09:33:23","modified_gmt":"2021-10-08T09:33:23","slug":"inscribete-en-el-webinar-apostando-por-el-empleo-en-fibrosis-quistica","status":"publish","type":"post","link":"https:\/\/fibrosisquistica.org\/en\/inscribete-en-el-webinar-apostando-por-el-empleo-en-fibrosis-quistica\/","title":{"rendered":"La Federaci\u00f3n organiza el webinar \u201cApostando por el empleo en Fibrosis Qu\u00edstica\u201d"},"content":{"rendered":"<p>El empleo es un derecho para todas las personas, incluyendo aquellas que viven con alguna discapacidad o enfermedad cr\u00f3nica, como la Fibrosis Qu\u00edstica. Gracias a los avances en los tratamientos de la enfermedad, ya tenemos un 47% de personas con FQ en edad laboral y\u00a0preparadas para insertarse en el mercado laboral.<\/p>\n<p>Por ello, la Federaci\u00f3n Espa\u00f1ola de Fibrosis Qu\u00edstica organiza el pr\u00f3ximo<strong> 21 de mayo<\/strong>, a las <strong>17:00 horas<\/strong>, el webinar <strong>\u201cApostando por el empleo en Fibrosis Qu\u00edstica\u201d<\/strong>, que contar\u00e1 con experiencias en primera persona por parte de trabajadores\/as, entidades y empresas, adem\u00e1s de mostrar c\u00f3mo el tejido empresarial puede involucrarse en la integraci\u00f3n laboral de este colectivo.<\/p>\n<p>Se presentar\u00e1 tambi\u00e9n una gu\u00eda de recursos, publicada el pasado mes de diciembre, en la que se facilitan una serie de herramientas para mejorar la inserci\u00f3n sociolaboral de las personas con Fibrosis Qu\u00edstica.<\/p>\n<p><strong>ACTUALIZADO:<\/strong> Ya est\u00e1 disponible la grabaci\u00f3n del webinar<\/p>\n<p style=\"text-align: center;\">\u00a0<iframe loading=\"lazy\" title=\"YouTube video player\" src=\"https:\/\/www.youtube.com\/embed\/qoA7huxli0o\" width=\"560\" height=\"315\" frameborder=\"0\" allowfullscreen=\"allowfullscreen\"><\/iframe><\/p>\n<p>&nbsp;<\/p>\n<p>Esta actividad se desarrolla gracias a una subvenci\u00f3n procedente del 0,7% del IRPF del Ministerio de Derechos Sociales y Agenda 2030.<\/p>\n<p>Pod\u00e9is consultar a continuaci\u00f3n el programa completo del webinar e inscribiros a trav\u00e9s de este enlace: <a href=\"https:\/\/www.streamweb.es\/webinar-apostando-por-el-empleo-en-fibrosis-quistica\/\" rel=\"nofollow noopener\" target=\"_blank\">https:\/\/www.streamweb.es\/webinar-apostando-por-el-empleo-en-fibrosis-quistica\/<\/a><\/p>\n<p style=\"text-align: center;\"><a href=\"https:\/\/fibrosisquistica.org\/en\/inscribete-en-el-webinar-apostando-por-el-empleo-en-fibrosis-quistica\/programa-webinar-laboral-fq\/\" rel=\"attachment wp-att-11526\"><img loading=\"lazy\" decoding=\"async\" class=\"alignnone size-large wp-image-11526\" src=\"https:\/\/fibrosisquistica.org\/wp-content\/uploads\/2021\/05\/Programa-webinar-laboral-FQ-724x1024.png\" alt=\"\" width=\"724\" height=\"1024\" title=\"\" srcset=\"https:\/\/fibrosisquistica.org\/wp-content\/uploads\/2021\/05\/Programa-webinar-laboral-FQ-724x1024.png 724w, https:\/\/fibrosisquistica.org\/wp-content\/uploads\/2021\/05\/Programa-webinar-laboral-FQ-600x849.png 600w, https:\/\/fibrosisquistica.org\/wp-content\/uploads\/2021\/05\/Programa-webinar-laboral-FQ-212x300.png 212w, https:\/\/fibrosisquistica.org\/wp-content\/uploads\/2021\/05\/Programa-webinar-laboral-FQ-768x1086.png 768w, https:\/\/fibrosisquistica.org\/wp-content\/uploads\/2021\/05\/Programa-webinar-laboral-FQ-1086x1536.png 1086w, https:\/\/fibrosisquistica.org\/wp-content\/uploads\/2021\/05\/Programa-webinar-laboral-FQ-1448x2048.png 1448w, https:\/\/fibrosisquistica.org\/wp-content\/uploads\/2021\/05\/Programa-webinar-laboral-FQ.png 1587w\" sizes=\"auto, (max-width: 724px) 100vw, 724px\" \/><\/a><\/p>\n<p>&nbsp;<\/p>","protected":false},"excerpt":{"rendered":"<p>El empleo es un derecho&#8230;<\/p>","protected":false},"author":22,"featured_media":11485,"comment_status":"closed","ping_status":"closed","sticky":false,"template":"","format":"standard","meta":{"_acf_changed":false,"footnotes":""},"categories":[8,78],"tags":[],"class_list":{"0":"post-11484","1":"post","2":"type-post","3":"status-publish","4":"format-standard","5":"has-post-thumbnail","7":"category-federacion","8":"category-psicosocial"},"acf":[],"_links":{"self":[{"href":"https:\/\/fibrosisquistica.org\/en\/wp-json\/wp\/v2\/posts\/11484","targetHints":{"allow":["GET"]}}],"collection":[{"href":"https:\/\/fibrosisquistica.org\/en\/wp-json\/wp\/v2\/posts"}],"about":[{"href":"https:\/\/fibrosisquistica.org\/en\/wp-json\/wp\/v2\/types\/post"}],"author":[{"embeddable":true,"href":"https:\/\/fibrosisquistica.org\/en\/wp-json\/wp\/v2\/users\/22"}],"replies":[{"embeddable":true,"href":"https:\/\/fibrosisquistica.org\/en\/wp-json\/wp\/v2\/comments?post=11484"}],"version-history":[{"count":13,"href":"https:\/\/fibrosisquistica.org\/en\/wp-json\/wp\/v2\/posts\/11484\/revisions"}],"predecessor-version":[{"id":12136,"href":"https:\/\/fibrosisquistica.org\/en\/wp-json\/wp\/v2\/posts\/11484\/revisions\/12136"}],"wp:featuredmedia":[{"embeddable":true,"href":"https:\/\/fibrosisquistica.org\/en\/wp-json\/wp\/v2\/media\/11485"}],"wp:attachment":[{"href":"https:\/\/fibrosisquistica.org\/en\/wp-json\/wp\/v2\/media?parent=11484"}],"wp:term":[{"taxonomy":"category","embeddable":true,"href":"https:\/\/fibrosisquistica.org\/en\/wp-json\/wp\/v2\/categories?post=11484"},{"taxonomy":"post_tag","embeddable":true,"href":"https:\/\/fibrosisquistica.org\/en\/wp-json\/wp\/v2\/tags?post=11484"}],"curies":[{"name":"wp","href":"https:\/\/api.w.org\/{rel}","templated":true}]}}