{"id":124,"date":"2015-07-06T18:01:17","date_gmt":"2015-07-06T18:01:17","guid":{"rendered":"http:\/\/nueva.fefq.es\/?p=124"},"modified":"2015-07-29T18:02:42","modified_gmt":"2015-07-29T18:02:42","slug":"aprobada-por-fin-la-financiacion-de-kalydeco-para-las-8-nuevas-mutaciones-de-fq","status":"publish","type":"post","link":"https:\/\/fibrosisquistica.org\/en\/aprobada-por-fin-la-financiacion-de-kalydeco-para-las-8-nuevas-mutaciones-de-fq\/","title":{"rendered":"Aprobada por fin la financiaci\u00f3n de Kalydeco para las 8 nuevas mutaciones de FQ"},"content":{"rendered":"<p>El medicamento ya puede estar disponible en los hospitales para las personas que lo necesiten.<\/p>\n<p>Tras finalizar los tr\u00e1mites de autorizaci\u00f3n econ\u00f3mica, el pasado 2 de julio se incluy\u00f3 por fin en el nomencl\u00e1tor \u00a0del Ministerio de Sanidad la nueva indicaci\u00f3n del medicamento Kalydeco (ivacaftor) para las ocho nuevas mutaciones de FQ (G1244E, G1349D, G178R, G551S, S1251N, S1255P, S549N y S549R), adem\u00e1s de la G551D para la que ya estaba aprobado.<\/p>\n<p>Por lo tanto, el medicamento ya puede estar disponible en los hospitales que cuentan con especialistas que tratan la Fibrosis Qu\u00edstica para suministrarlo a las personas que lo necesiten y que puedan beneficiarse de este esperado tratamiento, que puede paralizar la evoluci\u00f3n de la enfermedad y evitar el permanente deterioro del pulm\u00f3n que la enfermedad produce.<\/p>\n<p>Desde la Federaci\u00f3n Espa\u00f1ola de Fibrosis Qu\u00edstica pedimos una vez m\u00e1s que no existan retrasos en las comunidades aut\u00f3nomas, ni en los hospitales, para que pueda dispensarse el Kalydeco a todas las personas que tienen las mutaciones aprobadas, que est\u00e1n ya identificadas en su mayor\u00eda por los especialistas que hacen el seguimiento de su enfermedad.<\/p>","protected":false},"excerpt":{"rendered":"<p>El medicamento ya puede estar&#8230;<\/p>","protected":false},"author":22,"featured_media":0,"comment_status":"closed","ping_status":"closed","sticky":false,"template":"","format":"standard","meta":{"_acf_changed":false,"footnotes":""},"categories":[8],"tags":[26],"class_list":{"0":"post-124","1":"post","2":"type-post","3":"status-publish","4":"format-standard","6":"category-federacion","7":"tag-kalydeco"},"acf":[],"_links":{"self":[{"href":"https:\/\/fibrosisquistica.org\/en\/wp-json\/wp\/v2\/posts\/124","targetHints":{"allow":["GET"]}}],"collection":[{"href":"https:\/\/fibrosisquistica.org\/en\/wp-json\/wp\/v2\/posts"}],"about":[{"href":"https:\/\/fibrosisquistica.org\/en\/wp-json\/wp\/v2\/types\/post"}],"author":[{"embeddable":true,"href":"https:\/\/fibrosisquistica.org\/en\/wp-json\/wp\/v2\/users\/22"}],"replies":[{"embeddable":true,"href":"https:\/\/fibrosisquistica.org\/en\/wp-json\/wp\/v2\/comments?post=124"}],"version-history":[{"count":0,"href":"https:\/\/fibrosisquistica.org\/en\/wp-json\/wp\/v2\/posts\/124\/revisions"}],"wp:attachment":[{"href":"https:\/\/fibrosisquistica.org\/en\/wp-json\/wp\/v2\/media?parent=124"}],"wp:term":[{"taxonomy":"category","embeddable":true,"href":"https:\/\/fibrosisquistica.org\/en\/wp-json\/wp\/v2\/categories?post=124"},{"taxonomy":"post_tag","embeddable":true,"href":"https:\/\/fibrosisquistica.org\/en\/wp-json\/wp\/v2\/tags?post=124"}],"curies":[{"name":"wp","href":"https:\/\/api.w.org\/{rel}","templated":true}]}}