{"id":12595,"date":"2022-06-15T09:59:25","date_gmt":"2022-06-15T09:59:25","guid":{"rendered":"https:\/\/fibrosisquistica.org\/?p=12595"},"modified":"2023-01-09T09:07:58","modified_gmt":"2023-01-09T09:07:58","slug":"la-fefq-organiza-el-proximo-23-de-junio-el-webinar-fagoterapia-resuelve-tus-dudas-con-la-dra-pilar-domingo-calap","status":"publish","type":"post","link":"https:\/\/fibrosisquistica.org\/en\/la-fefq-organiza-el-proximo-23-de-junio-el-webinar-fagoterapia-resuelve-tus-dudas-con-la-dra-pilar-domingo-calap\/","title":{"rendered":"La FEFQ organiza el pr\u00f3ximo 23 de junio el webinar &#8216;Fagoterapia: resuelve tus dudas&#8217; con la Dra. Pilar Domingo-Calap"},"content":{"rendered":"<p>La Federaci\u00f3n Espa\u00f1ola de Fibrosis Qu\u00edstica organiza el jueves <strong>23 de junio<\/strong>, a las <strong>19:00 horas<\/strong>, un webinar titulado<strong> &#8216;Fagoterapia: resuelve tus dudas&#8217;<\/strong>, que estar\u00e1 a cargo de la <strong>Dra. Pilar Domingo-Calap<\/strong>, directora del Laboratorio de Virolog\u00eda Ambiental y Biom\u00e9dica del Instituto de Biolog\u00eda Integrativa de Sistemas de la Universitat de Val\u00e8ncia-CSIC.<\/p>\n<p>En el webinar, que se realizar\u00e1 a trav\u00e9s de la <strong>plataforma Zoom<\/strong>, se explicar\u00e1 en qu\u00e9 consisten los tratamientos con virus bacteri\u00f3fagos para eliminar bacterias multirresistentes y se hablar\u00e1 del proyecto que est\u00e1 desarrollando la Universidad de Valencia, en colaboraci\u00f3n con la FEFQ, para el aislamiento, caracterizaci\u00f3n y producci\u00f3n de fagos para una terapia personalizada contra bacterias pat\u00f3genas resistentes a antibi\u00f3ticos en pacientes con FQ.<\/p>\n<p>Adem\u00e1s, durante el webinar <strong>se resolver\u00e1n en directo todas las dudas de las personas asistentes<\/strong> acerca de este tipo de terapia.<\/p>\n<p>Os animamos a <strong>inscribiros<\/strong> a trav\u00e9s de este enlace: <a href=\"https:\/\/us02web.zoom.us\/webinar\/register\/WN_yDIVRm4kTk6S7fxsPzdBpA\" rel=\"nofollow noopener\" target=\"_blank\">https:\/\/us02web.zoom.us\/webinar\/register\/WN_yDIVRm4kTk6S7fxsPzdBpA<\/a><\/p>\n<p>Y os recordamos que cualquier persona que quiera <strong>apoyar este proyecto<\/strong> puede <a href=\"https:\/\/fibrosisquistica.org\/en\/la-fefq-apoya-la-iniciativa-de-varias-familias-abriendo-una-linea-de-financiacion-para-la-investigacion-en-fagoterapia-liderada-por-la-dra-domingo-calap\/\">realizar una donaci\u00f3n al mismo y solicitar su correspondiente certificado de donaci\u00f3n<\/a>.<\/p>\n<p>&nbsp;<\/p>\n<p><strong>ACTUALIZACI\u00d3N:<\/strong> Ya est\u00e1 disponible la grabaci\u00f3n del webinar<\/p>\n<p><iframe loading=\"lazy\" title=\"Webinar online sobre fagoterapia: resuelve tus dudas\" width=\"1080\" height=\"608\" src=\"https:\/\/www.youtube.com\/embed\/8jt1iaV6e9Q?feature=oembed\" frameborder=\"0\" allow=\"accelerometer; autoplay; clipboard-write; encrypted-media; gyroscope; picture-in-picture; web-share\" allowfullscreen><\/iframe><\/p>\n<p>&nbsp;<\/p>","protected":false},"excerpt":{"rendered":"<p>La Federaci\u00f3n Espa\u00f1ola de Fibrosis&#8230;<\/p>","protected":false},"author":22,"featured_media":12596,"comment_status":"closed","ping_status":"closed","sticky":false,"template":"","format":"standard","meta":{"_acf_changed":false,"footnotes":""},"categories":[8,64],"tags":[],"class_list":{"0":"post-12595","1":"post","2":"type-post","3":"status-publish","4":"format-standard","5":"has-post-thumbnail","7":"category-federacion","8":"category-investigacion"},"acf":[],"_links":{"self":[{"href":"https:\/\/fibrosisquistica.org\/en\/wp-json\/wp\/v2\/posts\/12595","targetHints":{"allow":["GET"]}}],"collection":[{"href":"https:\/\/fibrosisquistica.org\/en\/wp-json\/wp\/v2\/posts"}],"about":[{"href":"https:\/\/fibrosisquistica.org\/en\/wp-json\/wp\/v2\/types\/post"}],"author":[{"embeddable":true,"href":"https:\/\/fibrosisquistica.org\/en\/wp-json\/wp\/v2\/users\/22"}],"replies":[{"embeddable":true,"href":"https:\/\/fibrosisquistica.org\/en\/wp-json\/wp\/v2\/comments?post=12595"}],"version-history":[{"count":5,"href":"https:\/\/fibrosisquistica.org\/en\/wp-json\/wp\/v2\/posts\/12595\/revisions"}],"predecessor-version":[{"id":13032,"href":"https:\/\/fibrosisquistica.org\/en\/wp-json\/wp\/v2\/posts\/12595\/revisions\/13032"}],"wp:featuredmedia":[{"embeddable":true,"href":"https:\/\/fibrosisquistica.org\/en\/wp-json\/wp\/v2\/media\/12596"}],"wp:attachment":[{"href":"https:\/\/fibrosisquistica.org\/en\/wp-json\/wp\/v2\/media?parent=12595"}],"wp:term":[{"taxonomy":"category","embeddable":true,"href":"https:\/\/fibrosisquistica.org\/en\/wp-json\/wp\/v2\/categories?post=12595"},{"taxonomy":"post_tag","embeddable":true,"href":"https:\/\/fibrosisquistica.org\/en\/wp-json\/wp\/v2\/tags?post=12595"}],"curies":[{"name":"wp","href":"https:\/\/api.w.org\/{rel}","templated":true}]}}