{"id":1272,"date":"2015-12-03T10:04:32","date_gmt":"2015-12-03T10:04:32","guid":{"rendered":"http:\/\/nueva.fefq.es\/?p=1272"},"modified":"2021-04-07T11:53:44","modified_gmt":"2021-04-07T11:53:44","slug":"ya-podeis-leer-on-line-el-numero-76-de-nuestra-revista-fq","status":"publish","type":"post","link":"https:\/\/fibrosisquistica.org\/en\/ya-podeis-leer-on-line-el-numero-76-de-nuestra-revista-fq\/","title":{"rendered":"Ya pod\u00e9is leer on-line el n\u00famero 76 de nuestra Revista FQ"},"content":{"rendered":"<p><em><strong>En breve la recibir\u00e9is en vuestros domicilios.<\/strong><\/em><\/p>\n<p>Ya pod\u00e9is leer on-line y descargaros\u00a0<a href=\"http:\/\/issuu.com\/fqprensa\/docs\/revista_fq_n___76_para_web\" rel=\"nofollow noopener\" target=\"_blank\">aqu\u00ed<\/a>\u00a0el\u00a0n\u00famero 76 de nuestra Revista FQ, correspondiente al tercer cuatrimestre de 2015, que contiene informaci\u00f3n sobre la creaci\u00f3n de la Fundaci\u00f3n Espa\u00f1ola de Fibrosis Qu\u00edstica y la aprobaci\u00f3n de Orkambi por parte de la Agencia Europea del Medicamento, un nuevo y esperanzador tratamiento para la Fibrosis Qu\u00edstica del laboratorio Vertex.<\/p>\n<p>En breve recibir\u00e9is la revista en papel en vuestros domicilios.<\/p>\n<p>Os recordamos que tambi\u00e9n pod\u00e9is encontrar en formato PDF descargable las revistas editadas por la Federaci\u00f3n en los \u00faltimos a\u00f1os, en el apartado Revista FQ de esta web.<\/p>","protected":false},"excerpt":{"rendered":"<p>En breve la recibir\u00e9is en&#8230;<\/p>","protected":false},"author":22,"featured_media":10783,"comment_status":"closed","ping_status":"closed","sticky":false,"template":"","format":"standard","meta":{"_acf_changed":false,"footnotes":""},"categories":[8],"tags":[],"class_list":{"0":"post-1272","1":"post","2":"type-post","3":"status-publish","4":"format-standard","5":"has-post-thumbnail","7":"category-federacion"},"acf":[],"_links":{"self":[{"href":"https:\/\/fibrosisquistica.org\/en\/wp-json\/wp\/v2\/posts\/1272","targetHints":{"allow":["GET"]}}],"collection":[{"href":"https:\/\/fibrosisquistica.org\/en\/wp-json\/wp\/v2\/posts"}],"about":[{"href":"https:\/\/fibrosisquistica.org\/en\/wp-json\/wp\/v2\/types\/post"}],"author":[{"embeddable":true,"href":"https:\/\/fibrosisquistica.org\/en\/wp-json\/wp\/v2\/users\/22"}],"replies":[{"embeddable":true,"href":"https:\/\/fibrosisquistica.org\/en\/wp-json\/wp\/v2\/comments?post=1272"}],"version-history":[{"count":0,"href":"https:\/\/fibrosisquistica.org\/en\/wp-json\/wp\/v2\/posts\/1272\/revisions"}],"wp:featuredmedia":[{"embeddable":true,"href":"https:\/\/fibrosisquistica.org\/en\/wp-json\/wp\/v2\/media\/10783"}],"wp:attachment":[{"href":"https:\/\/fibrosisquistica.org\/en\/wp-json\/wp\/v2\/media?parent=1272"}],"wp:term":[{"taxonomy":"category","embeddable":true,"href":"https:\/\/fibrosisquistica.org\/en\/wp-json\/wp\/v2\/categories?post=1272"},{"taxonomy":"post_tag","embeddable":true,"href":"https:\/\/fibrosisquistica.org\/en\/wp-json\/wp\/v2\/tags?post=1272"}],"curies":[{"name":"wp","href":"https:\/\/api.w.org\/{rel}","templated":true}]}}