{"id":13661,"date":"2023-10-05T13:25:27","date_gmt":"2023-10-05T13:25:27","guid":{"rendered":"https:\/\/fibrosisquistica.org\/?p=13661"},"modified":"2024-01-03T08:29:21","modified_gmt":"2024-01-03T08:29:21","slug":"cf-europe-y-ecfs-abren-la-convocatoria-2023-para-becas-de-investigacion-posdoctorales-en-fibrosis-quistica","status":"publish","type":"post","link":"https:\/\/fibrosisquistica.org\/en\/cf-europe-y-ecfs-abren-la-convocatoria-2023-para-becas-de-investigacion-posdoctorales-en-fibrosis-quistica\/","title":{"rendered":"CF Europe y ECFS abren la convocatoria 2023 para becas de investigaci\u00f3n posdoctorales en Fibrosis Qu\u00edstica"},"content":{"rendered":"<p><strong>Un a\u00f1o m\u00e1s, CF Europe y ECFS <\/strong><strong>se unen para financiar a j\u00f3venes investigadores\/as a trav\u00e9s de una beca de investigaci\u00f3n posdoctoral. La fecha l\u00edmite para presentar solicitud es el 24 de noviembre.<\/strong><\/p>\n<p>Cada dos a\u00f1os, CF Europe, junto con Sociedad Europea de Fibrosis Qu\u00edstica (ECFS), lanza una convocatoria de financiaci\u00f3n para j\u00f3venes postdoctorados\/as que trabajan en el campo de la Fibrosis Qu\u00edstica con el objetivo de fomentar la investigaci\u00f3n b\u00e1sica y traslacional que es realmente importante para las personas con FQ y sus familias.<\/p>\n<p><strong>Cystic Fibrosis Europe<\/strong>\u00a0es la federaci\u00f3n de asociaciones nacionales de FQ en Europa.\u00a0Representa a las personas con FQ y sus familias en Europa y tiene como objetivo promover la inversi\u00f3n y el progreso en la investigaci\u00f3n de la FQ en Europa, promover la mejor atenci\u00f3n desde la perspectiva del paciente y representar y defender los intereses de las personas con FQ.<\/p>\n<p>La <strong>Sociedad Europea de Fibrosis Qu\u00edstica<\/strong> (ECFS) es una sociedad internacional de investigadores\/as y profesionales cl\u00ednicos\/as comprometidos con mejorar la supervivencia y la calidad de vida de las personas con Fibrosis Qu\u00edstica mediante la promoci\u00f3n de la investigaci\u00f3n, la educaci\u00f3n y la atenci\u00f3n de alta calidad.<\/p>\n<p>Estas becas tienen una duraci\u00f3n de <strong>3 a\u00f1os<\/strong> y est\u00e1n dirigidas a participantes menores de 35 a\u00f1os, titulares de un doctorado en ciencias de la vida o similar obtenido en 2020 o despu\u00e9s y ciudadanos de un pa\u00eds europeo (seg\u00fan OMS\/Europa | Pa\u00edses).<\/p>\n<p><strong>CRONOGRAMA PARA LA PRIMERA LLAMADA<\/strong><\/p>\n<ul>\n<li>Convocatoria: del 15 de septiembre de 2023 al 24 de noviembre de 2023 a las 23:59 CET<\/li>\n<li>Evaluaci\u00f3n y selecci\u00f3n: diciembre de 2023 a finales de abril de 2024<\/li>\n<li>Resultados: junio de 2024 presentados en la conferencia anual de ECFS<\/li>\n<li>Contratos con instituciones durante el verano\/oto\u00f1o<\/li>\n<li>Lanzamiento: A partir de septiembre de 2024 y tan pronto como se firme el contrato con la instituci\u00f3n.<\/li>\n<\/ul>\n<p><strong>M\u00c1S INFORMACI\u00d3N<\/strong><\/p>\n<p>Pod\u00e9is encontrar toda la informaci\u00f3n relativa a la solicitud de las becas, criterios de elegibilidad, etc. en la web de la ECFS:\u00a0<a href=\"https:\/\/www.ecfs.eu\/special-projects\/ecfs-cf-europe-post-doctoral-research-fellowship\" rel=\"nofollow noopener\" target=\"_blank\">https:\/\/www.ecfs.eu\/special-projects\/ecfs-cf-europe-post-doctoral-research-fellowship<\/a><\/p>","protected":false},"excerpt":{"rendered":"<p>Un a\u00f1o m\u00e1s, CF Europe&#8230;<\/p>","protected":false},"author":22,"featured_media":13662,"comment_status":"closed","ping_status":"closed","sticky":false,"template":"","format":"standard","meta":{"_acf_changed":false,"footnotes":""},"categories":[64],"tags":[],"class_list":{"0":"post-13661","1":"post","2":"type-post","3":"status-publish","4":"format-standard","5":"has-post-thumbnail","7":"category-investigacion"},"acf":[],"_links":{"self":[{"href":"https:\/\/fibrosisquistica.org\/en\/wp-json\/wp\/v2\/posts\/13661","targetHints":{"allow":["GET"]}}],"collection":[{"href":"https:\/\/fibrosisquistica.org\/en\/wp-json\/wp\/v2\/posts"}],"about":[{"href":"https:\/\/fibrosisquistica.org\/en\/wp-json\/wp\/v2\/types\/post"}],"author":[{"embeddable":true,"href":"https:\/\/fibrosisquistica.org\/en\/wp-json\/wp\/v2\/users\/22"}],"replies":[{"embeddable":true,"href":"https:\/\/fibrosisquistica.org\/en\/wp-json\/wp\/v2\/comments?post=13661"}],"version-history":[{"count":5,"href":"https:\/\/fibrosisquistica.org\/en\/wp-json\/wp\/v2\/posts\/13661\/revisions"}],"predecessor-version":[{"id":13816,"href":"https:\/\/fibrosisquistica.org\/en\/wp-json\/wp\/v2\/posts\/13661\/revisions\/13816"}],"wp:featuredmedia":[{"embeddable":true,"href":"https:\/\/fibrosisquistica.org\/en\/wp-json\/wp\/v2\/media\/13662"}],"wp:attachment":[{"href":"https:\/\/fibrosisquistica.org\/en\/wp-json\/wp\/v2\/media?parent=13661"}],"wp:term":[{"taxonomy":"category","embeddable":true,"href":"https:\/\/fibrosisquistica.org\/en\/wp-json\/wp\/v2\/categories?post=13661"},{"taxonomy":"post_tag","embeddable":true,"href":"https:\/\/fibrosisquistica.org\/en\/wp-json\/wp\/v2\/tags?post=13661"}],"curies":[{"name":"wp","href":"https:\/\/api.w.org\/{rel}","templated":true}]}}