{"id":13709,"date":"2023-11-21T08:27:31","date_gmt":"2023-11-21T08:27:31","guid":{"rendered":"https:\/\/fibrosisquistica.org\/?p=13709"},"modified":"2023-11-30T11:54:47","modified_gmt":"2023-11-30T11:54:47","slug":"la-fefq-organiza-el-proximo-29-de-noviembre-el-webinar-fagoterapia-donde-estamos-y-hacia-donde-vamos-con-la-dra-pilar-domingo-calap","status":"publish","type":"post","link":"https:\/\/fibrosisquistica.org\/en\/la-fefq-organiza-el-proximo-29-de-noviembre-el-webinar-fagoterapia-donde-estamos-y-hacia-donde-vamos-con-la-dra-pilar-domingo-calap\/","title":{"rendered":"La FEFQ organiza el pr\u00f3ximo 29 de noviembre el webinar &#8216;Fagoterapia: d\u00f3nde estamos y hacia d\u00f3nde vamos&#8217; con la Dra. Pilar Domingo-Calap"},"content":{"rendered":"<p>La Federaci\u00f3n Espa\u00f1ola de Fibrosis Qu\u00edstica organiza el mi\u00e9rcoles <strong>29 de noviembre<\/strong>, a las <strong>19:00 horas<\/strong>, un webinar titulado<strong> &#8216;Fagoterapia: d\u00f3nde estamos y hacia d\u00f3nde vamos&#8217;<\/strong>, impartido por la <strong>Dra. Pilar Domingo-Calap<\/strong>, directora del Laboratorio de Virolog\u00eda Ambiental y Biom\u00e9dica del Instituto de Biolog\u00eda Integrativa de Sistemas de la Universitat de Val\u00e8ncia-CSIC.<\/p>\n<p>En el webinar, que se realizar\u00e1 a trav\u00e9s de la <strong>plataforma Zoom<\/strong>, se explicar\u00e1 en qu\u00e9 punto se encuentra el proyecto que est\u00e1 desarrollando la Universidad de Valencia, en colaboraci\u00f3n con la FEFQ, para el aislamiento, caracterizaci\u00f3n y producci\u00f3n de fagos para una terapia personalizada contra bacterias pat\u00f3genas resistentes a antibi\u00f3ticos en pacientes con FQ.<\/p>\n<p>Adem\u00e1s, durante el webinar <strong>se contestar\u00e1n en directo las preguntas de las personas asistentes<\/strong>.<\/p>\n<p>Os animamos a <strong>inscribiros<\/strong> a trav\u00e9s de <a href=\"https:\/\/zoom.us\/webinar\/register\/WN_D99-blEjSxaLZ3qydgQiAA#\/registration\" rel=\"nofollow noopener\" target=\"_blank\">este enlace<\/a>.<\/p>\n<p>Y os recordamos que cualquier persona que quiera <strong>apoyar este proyecto<\/strong> puede <a href=\"https:\/\/fibrosisquistica.org\/en\/colabora\/\">realizar una donaci\u00f3n al mismo y solicitar su correspondiente certificado de donaci\u00f3n<\/a>.<\/p>\n<p><strong>ACTUALIZACI\u00d3N:<\/strong>\u00a0Ya est\u00e1 disponible la grabaci\u00f3n del webinar<\/p>\n<p><iframe loading=\"lazy\" title=\"YouTube video player\" src=\"https:\/\/www.youtube.com\/embed\/GZnZyMY26Bk?si=hBY9CMjkm_NpbOzn\" width=\"560\" height=\"315\" frameborder=\"0\" allowfullscreen=\"allowfullscreen\"><\/iframe><\/p>","protected":false},"excerpt":{"rendered":"<p>La Federaci\u00f3n Espa\u00f1ola de Fibrosis&#8230;<\/p>","protected":false},"author":22,"featured_media":13761,"comment_status":"closed","ping_status":"closed","sticky":false,"template":"","format":"standard","meta":{"_acf_changed":false,"footnotes":""},"categories":[8,64],"tags":[],"class_list":{"0":"post-13709","1":"post","2":"type-post","3":"status-publish","4":"format-standard","5":"has-post-thumbnail","7":"category-federacion","8":"category-investigacion"},"acf":[],"_links":{"self":[{"href":"https:\/\/fibrosisquistica.org\/en\/wp-json\/wp\/v2\/posts\/13709","targetHints":{"allow":["GET"]}}],"collection":[{"href":"https:\/\/fibrosisquistica.org\/en\/wp-json\/wp\/v2\/posts"}],"about":[{"href":"https:\/\/fibrosisquistica.org\/en\/wp-json\/wp\/v2\/types\/post"}],"author":[{"embeddable":true,"href":"https:\/\/fibrosisquistica.org\/en\/wp-json\/wp\/v2\/users\/22"}],"replies":[{"embeddable":true,"href":"https:\/\/fibrosisquistica.org\/en\/wp-json\/wp\/v2\/comments?post=13709"}],"version-history":[{"count":7,"href":"https:\/\/fibrosisquistica.org\/en\/wp-json\/wp\/v2\/posts\/13709\/revisions"}],"predecessor-version":[{"id":13780,"href":"https:\/\/fibrosisquistica.org\/en\/wp-json\/wp\/v2\/posts\/13709\/revisions\/13780"}],"wp:featuredmedia":[{"embeddable":true,"href":"https:\/\/fibrosisquistica.org\/en\/wp-json\/wp\/v2\/media\/13761"}],"wp:attachment":[{"href":"https:\/\/fibrosisquistica.org\/en\/wp-json\/wp\/v2\/media?parent=13709"}],"wp:term":[{"taxonomy":"category","embeddable":true,"href":"https:\/\/fibrosisquistica.org\/en\/wp-json\/wp\/v2\/categories?post=13709"},{"taxonomy":"post_tag","embeddable":true,"href":"https:\/\/fibrosisquistica.org\/en\/wp-json\/wp\/v2\/tags?post=13709"}],"curies":[{"name":"wp","href":"https:\/\/api.w.org\/{rel}","templated":true}]}}