{"id":13736,"date":"2023-11-09T09:09:30","date_gmt":"2023-11-09T09:09:30","guid":{"rendered":"https:\/\/fibrosisquistica.org\/?p=13736"},"modified":"2024-01-03T08:41:54","modified_gmt":"2024-01-03T08:41:54","slug":"inscribete-en-la-marcha-solidaria-en-honor-a-los-donantes-que-se-celebra-este-sabado-11-de-noviembre-en-santander","status":"publish","type":"post","link":"https:\/\/fibrosisquistica.org\/en\/inscribete-en-la-marcha-solidaria-en-honor-a-los-donantes-que-se-celebra-este-sabado-11-de-noviembre-en-santander\/","title":{"rendered":"Inscr\u00edbete en la Marcha Solidaria en Honor a los Donantes que se celebra este s\u00e1bado 11 de noviembre en Santander"},"content":{"rendered":"<p>Los d\u00edas 9 y 10 de noviembre se celebra en Santander la Cumbre Global sobre Trasplantes 2023, un acto que culminar\u00e1 con la <strong>Marcha Solidaria en Honor a las personas Donantes<\/strong> organizada por la <strong>ONT<\/strong>, en colaboraci\u00f3n con el Consejo de Europa, cuya recaudaci\u00f3n ser\u00e1 \u00edntegramente para la Uni\u00f3n de Trasplantados de \u00d3rganos S\u00f3lidos y para la Asociaci\u00f3n Deporte y Trasplante Espa\u00f1a.<\/p>\n<p>La marcha tendr\u00e1 lugar <strong>el s\u00e1bado 11 de noviembre a partir de las 10:00h<\/strong>, comenzar\u00e1 en la Campa de la Magdalena y atravesar\u00e1 las playas del Camello, Sardinero 1, Sardinero 2, Los Molinucos y Matale\u00f1as, volviendo de nuevo por las playas hasta la meta en la Campa de la Magdalena.<\/p>\n<p>Adem\u00e1s de esta marcha, est\u00e1 previsto que durante toda la ma\u00f1ana haya actividades l\u00fadico-deportivas en la Campa, as\u00ed como una actuaci\u00f3n del actor Pep Noguera que interpretar\u00e1 su mon\u00f3logo\u00a0<a href=\"https:\/\/www.rockthesport.com\/es\/evento\/marchadonantes-ont-santander2023\" data-auth=\"NotApplicable\" data-linkindex=\"2\" rel=\"nofollow noopener\" target=\"_blank\">\u2018Trans-plantar\u2019<\/a> y un sorteo entre las personas participantes como punto final a la celebraci\u00f3n.<\/p>\n<p>Se puede realizar la <strong>inscripci\u00f3n<\/strong> a trav\u00e9s del siguiente enlace: <a href=\"https:\/\/www.rockthesport.com\/es\/evento\/marchadonantes-ont-santander2023\" data-auth=\"NotApplicable\" data-linkindex=\"3\" rel=\"nofollow noopener\" target=\"_blank\">https:\/\/www.rockthesport.com\/es\/evento\/marchadonantes-ont-santander2023<\/a><\/p>\n<p>\u00a1Os animamos a participar en este gesto a la generosidad!<\/p>\n\n\t\t<style type=\"text\/css\">\n\t\t\t#gallery-1 {\n\t\t\t\tmargin: auto;\n\t\t\t}\n\t\t\t#gallery-1 .gallery-item {\n\t\t\t\tfloat: left;\n\t\t\t\tmargin-top: 10px;\n\t\t\t\ttext-align: center;\n\t\t\t\twidth: 33%;\n\t\t\t}\n\t\t\t#gallery-1 img {\n\t\t\t\tborder: 2px solid #cfcfcf;\n\t\t\t}\n\t\t\t#gallery-1 .gallery-caption {\n\t\t\t\tmargin-left: 0;\n\t\t\t}\n\t\t\t\/* see gallery_shortcode() in wp-includes\/media.php *\/\n\t\t<\/style>\n\t\t<div id='gallery-1' class='gallery galleryid-13736 gallery-columns-3 gallery-size-medium'><dl class='gallery-item'>\n\t\t\t<dt class='gallery-icon landscape'>\n\t\t\t\t<a href=\"https:\/\/fibrosisquistica.org\/en\/inscribete-en-la-marcha-solidaria-en-honor-a-los-donantes-que-se-celebra-este-sabado-11-de-noviembre-en-santander\/whatsapp-image-2023-11-09-at-13-17-171\/\"><img loading=\"lazy\" decoding=\"async\" width=\"300\" height=\"215\" src=\"https:\/\/fibrosisquistica.org\/wp-content\/uploads\/2023\/11\/WhatsApp-Image-2023-11-09-at-13.17.171-300x215.jpeg\" class=\"attachment-medium size-medium\" alt=\"\" srcset=\"https:\/\/fibrosisquistica.org\/wp-content\/uploads\/2023\/11\/WhatsApp-Image-2023-11-09-at-13.17.171-300x215.jpeg 300w, https:\/\/fibrosisquistica.org\/wp-content\/uploads\/2023\/11\/WhatsApp-Image-2023-11-09-at-13.17.171-600x430.jpeg 600w, https:\/\/fibrosisquistica.org\/wp-content\/uploads\/2023\/11\/WhatsApp-Image-2023-11-09-at-13.17.171-768x551.jpeg 768w, https:\/\/fibrosisquistica.org\/wp-content\/uploads\/2023\/11\/WhatsApp-Image-2023-11-09-at-13.17.171.jpeg 1024w\" sizes=\"auto, (max-width: 300px) 100vw, 300px\" title=\"\"><\/a>\n\t\t\t<\/dt><\/dl><dl class='gallery-item'>\n\t\t\t<dt class='gallery-icon landscape'>\n\t\t\t\t<a href=\"https:\/\/fibrosisquistica.org\/en\/inscribete-en-la-marcha-solidaria-en-honor-a-los-donantes-que-se-celebra-este-sabado-11-de-noviembre-en-santander\/whatsapp-image-2023-11-09-at-13-16-58\/\"><img loading=\"lazy\" decoding=\"async\" width=\"300\" height=\"200\" src=\"https:\/\/fibrosisquistica.org\/wp-content\/uploads\/2023\/11\/WhatsApp-Image-2023-11-09-at-13.16.58-300x200.jpeg\" class=\"attachment-medium size-medium\" alt=\"\" srcset=\"https:\/\/fibrosisquistica.org\/wp-content\/uploads\/2023\/11\/WhatsApp-Image-2023-11-09-at-13.16.58-300x200.jpeg 300w, https:\/\/fibrosisquistica.org\/wp-content\/uploads\/2023\/11\/WhatsApp-Image-2023-11-09-at-13.16.58-600x400.jpeg 600w, https:\/\/fibrosisquistica.org\/wp-content\/uploads\/2023\/11\/WhatsApp-Image-2023-11-09-at-13.16.58-768x512.jpeg 768w, https:\/\/fibrosisquistica.org\/wp-content\/uploads\/2023\/11\/WhatsApp-Image-2023-11-09-at-13.16.58-391x260.jpeg 391w, https:\/\/fibrosisquistica.org\/wp-content\/uploads\/2023\/11\/WhatsApp-Image-2023-11-09-at-13.16.58-900x600.jpeg 900w, https:\/\/fibrosisquistica.org\/wp-content\/uploads\/2023\/11\/WhatsApp-Image-2023-11-09-at-13.16.58.jpeg 1024w\" sizes=\"auto, (max-width: 300px) 100vw, 300px\" title=\"\"><\/a>\n\t\t\t<\/dt><\/dl><dl class='gallery-item'>\n\t\t\t<dt class='gallery-icon landscape'>\n\t\t\t\t<a href=\"https:\/\/fibrosisquistica.org\/en\/inscribete-en-la-marcha-solidaria-en-honor-a-los-donantes-que-se-celebra-este-sabado-11-de-noviembre-en-santander\/whatsapp-image-2023-11-09-at-13-16-57\/\"><img loading=\"lazy\" decoding=\"async\" width=\"300\" height=\"225\" src=\"https:\/\/fibrosisquistica.org\/wp-content\/uploads\/2023\/11\/WhatsApp-Image-2023-11-09-at-13.16.57-300x225.jpeg\" class=\"attachment-medium size-medium\" alt=\"\" srcset=\"https:\/\/fibrosisquistica.org\/wp-content\/uploads\/2023\/11\/WhatsApp-Image-2023-11-09-at-13.16.57-300x225.jpeg 300w, https:\/\/fibrosisquistica.org\/wp-content\/uploads\/2023\/11\/WhatsApp-Image-2023-11-09-at-13.16.57-600x450.jpeg 600w, https:\/\/fibrosisquistica.org\/wp-content\/uploads\/2023\/11\/WhatsApp-Image-2023-11-09-at-13.16.57-1024x768.jpeg 1024w, https:\/\/fibrosisquistica.org\/wp-content\/uploads\/2023\/11\/WhatsApp-Image-2023-11-09-at-13.16.57-768x576.jpeg 768w, https:\/\/fibrosisquistica.org\/wp-content\/uploads\/2023\/11\/WhatsApp-Image-2023-11-09-at-13.16.57-1536x1152.jpeg 1536w, https:\/\/fibrosisquistica.org\/wp-content\/uploads\/2023\/11\/WhatsApp-Image-2023-11-09-at-13.16.57.jpeg 1600w\" sizes=\"auto, (max-width: 300px) 100vw, 300px\" title=\"\"><\/a>\n\t\t\t<\/dt><\/dl><br style=\"clear: both\" \/>\n\t\t<\/div>","protected":false},"excerpt":{"rendered":"<p>Los d\u00edas 9 y 10&#8230;<\/p>","protected":false},"author":22,"featured_media":13737,"comment_status":"closed","ping_status":"closed","sticky":false,"template":"","format":"standard","meta":{"_acf_changed":false,"footnotes":""},"categories":[77,75],"tags":[],"class_list":{"0":"post-13736","1":"post","2":"type-post","3":"status-publish","4":"format-standard","5":"has-post-thumbnail","7":"category-sensibilizacion","8":"category-trasplante"},"acf":[],"_links":{"self":[{"href":"https:\/\/fibrosisquistica.org\/en\/wp-json\/wp\/v2\/posts\/13736","targetHints":{"allow":["GET"]}}],"collection":[{"href":"https:\/\/fibrosisquistica.org\/en\/wp-json\/wp\/v2\/posts"}],"about":[{"href":"https:\/\/fibrosisquistica.org\/en\/wp-json\/wp\/v2\/types\/post"}],"author":[{"embeddable":true,"href":"https:\/\/fibrosisquistica.org\/en\/wp-json\/wp\/v2\/users\/22"}],"replies":[{"embeddable":true,"href":"https:\/\/fibrosisquistica.org\/en\/wp-json\/wp\/v2\/comments?post=13736"}],"version-history":[{"count":5,"href":"https:\/\/fibrosisquistica.org\/en\/wp-json\/wp\/v2\/posts\/13736\/revisions"}],"predecessor-version":[{"id":13820,"href":"https:\/\/fibrosisquistica.org\/en\/wp-json\/wp\/v2\/posts\/13736\/revisions\/13820"}],"wp:featuredmedia":[{"embeddable":true,"href":"https:\/\/fibrosisquistica.org\/en\/wp-json\/wp\/v2\/media\/13737"}],"wp:attachment":[{"href":"https:\/\/fibrosisquistica.org\/en\/wp-json\/wp\/v2\/media?parent=13736"}],"wp:term":[{"taxonomy":"category","embeddable":true,"href":"https:\/\/fibrosisquistica.org\/en\/wp-json\/wp\/v2\/categories?post=13736"},{"taxonomy":"post_tag","embeddable":true,"href":"https:\/\/fibrosisquistica.org\/en\/wp-json\/wp\/v2\/tags?post=13736"}],"curies":[{"name":"wp","href":"https:\/\/api.w.org\/{rel}","templated":true}]}}