{"id":13934,"date":"2024-03-08T07:49:06","date_gmt":"2024-03-08T07:49:06","guid":{"rendered":"https:\/\/fibrosisquistica.org\/?p=13934"},"modified":"2024-03-08T08:06:32","modified_gmt":"2024-03-08T08:06:32","slug":"la-federacion-espanola-de-fibrosis-quistica-se-une-a-las-reivindicaciones-de-cocemfe-y-cemudis-por-el-dia-de-la-mujer","status":"publish","type":"post","link":"https:\/\/fibrosisquistica.org\/en\/la-federacion-espanola-de-fibrosis-quistica-se-une-a-las-reivindicaciones-de-cocemfe-y-cemudis-por-el-dia-de-la-mujer\/","title":{"rendered":"La Federaci\u00f3n Espa\u00f1ola de Fibrosis Qu\u00edstica se une a las reivindicaciones de COCEMFE y CEMUDIS por el D\u00eda de la Mujer"},"content":{"rendered":"<p>Como parte de nuestro firme compromiso en la defensa de la igualdad de las mujeres con discapacidad, desde la Federaci\u00f3n Espa\u00f1ola de Fibrosis Qu\u00edstica nos unimos a las reivindicaciones de COCEMFE y CEMUDIS (Confederaci\u00f3n Estatal de Mujeres con Discapacidad) con motivo del D\u00eda Internacional de la Mujer, que se celebra el 8 de marzo.<\/p>\n<p>&nbsp;<\/p>\n<h4 style=\"text-align: center;\"><a href=\"https:\/\/www.cemudis.org\/manifiesto-de-cemudis-por-el-8-de-marzo-2\/\" rel=\"nofollow noopener\" target=\"_blank\">Manifiesto de CEMUDIS por el 8 de marzo<\/a><\/h4>\n<p style=\"text-align: center;\"><strong>D\u00eda Internacional de la Mujer<\/strong><\/p>\n<p style=\"text-align: center;\">\u00a1Derechos reales ya!<\/p>\n<p>&nbsp;<\/p>\n<p>Hoy,\u00a0<strong>8 de marzo, D\u00eda Internacional de la Mujer<\/strong>, nos encontramos un a\u00f1o m\u00e1s en una fecha importante para la reivindicaci\u00f3n, dirigida a los poderes p\u00fablicos as\u00ed como al conjunto de la sociedad, de la necesidad de promover y fomentar la igualdad real de oportunidades para abordar todas las situaciones de discriminaci\u00f3n o exclusi\u00f3n social que vivimos las mujeres y ni\u00f1as en todo el mundo.<\/p>\n<p>Este d\u00eda conmemora la lucha de las mujeres, en permanente evoluci\u00f3n, por transformar la realidad preservando los derechos b\u00e1sicos y fundamentales del colectivo.<\/p>\n<p>Desde el Movimiento asociativo de Mujeres con Discapacidad,\u00a0<strong>destacamos este a\u00f1o el avance legislativo que ha supuesto la reforma del art\u00edculo 49 de la Constituci\u00f3n Espa\u00f1ola<\/strong>, el cual hace referencia a las personas con discapacidad, con la eliminaci\u00f3n del texto de los conceptos y expresiones que supon\u00edan un prejuicio sobre ellas, as\u00ed como el reconocimiento pleno de sus derechos.<\/p>\n<p>Si bien es cierto que esto supone un nuevo hito en el avance para\u00a0<strong>las libertades y la igualdad real<\/strong>\u00a0de las personas con discapacidad en Espa\u00f1a, es necesario remarcar que la situaci\u00f3n de especial vulnerabilidad de las mujeres y ni\u00f1as con discapacidad justifica claramente que el nuevo art\u00edculo 49 de la Constituci\u00f3n haga alusi\u00f3n expresa a la atenci\u00f3n de sus necesidades.<\/p>\n<p>Sin embargo, desde la Confederaci\u00f3n Estatal de Mujeres con Discapacidad (CEMUDIS), reclamamos que los cambios se extiendan a todas las esferas de actuaci\u00f3n y participaci\u00f3n\u00a0 social, con una atenci\u00f3n especial a las ni\u00f1as y mujeres con discapacidad, porque de nada valdr\u00e1 cambiar expresiones y conceptos si no se promueve un cambio de paradigma, incluyendo la perspectiva de g\u00e9nero.<\/p>\n<p>Sobre esto, en el Informe Final sobre la Situaci\u00f3n Social y Laboral de las mujeres con discapacidad, publicado desde CEMUDIS, se destaca que m\u00e1s del 30% de las mujeres con discapacidad se encuentran en situaci\u00f3n de desempleo a lo que se a\u00f1ade que, en caso de tener un empleo remunerado, casi la mitad se encuentra percibiendo una remuneraci\u00f3n inferior al Salario M\u00ednimo Interprofesional.<\/p>\n<p>Sobre otros aspectos importantes como por ejemplo el acceso a la formaci\u00f3n o al sistema educativo, menos del 50% de mujeres con discapacidad han accedido a estudios superiores como Formaci\u00f3n Profesional, Grado Universitario, etc., y en los casos en los que se accede a la educaci\u00f3n a trav\u00e9s del proceso ordinario de escuela primaria y\/o educaci\u00f3n secundaria, existen numerosas deficiencias, adem\u00e1s de los obvios prejuicios sociales, del sistema que suponen una dificultad a\u00f1adida para el desarrollo de las mujeres y ni\u00f1as con discapacidad.<\/p>\n<p>El hecho de que\u00a0<strong>se haya reflejado la situaci\u00f3n de las mujeres con discapacidad dentro de la norma fundamental espa\u00f1ola<\/strong>\u00a0es muy importante, pero queremos que sea una realidad en todos los sentidos y esto pasa porque se establezcan las dotaciones econ\u00f3micas necesarias y al mismo tiempo que se apliquen medidas de acci\u00f3n positiva orientadas a mejorar la vida social, pol\u00edtica, econ\u00f3mica, cultural y laboral de las personas que forman parte del colectivo, para avanzar en una direcci\u00f3n de igualdad efectiva y real para las mujeres y ni\u00f1as con discapacidad.<\/p>\n<p>Por \u00faltimo, este a\u00f1o queremos tambi\u00e9n hacer\u00a0<strong>menci\u00f3n especial a la necesidad de promover y defender los Derechos Humanos de las mujeres y ni\u00f1as con discapacidad<\/strong>, haciendo un importante recordatorio de que la exclusi\u00f3n, la violencia, o cualquiera de las variantes de la discriminaci\u00f3n hacia las mujeres, vulneran directamente los principios de la igualdad de derechos as\u00ed como del respeto de la dignidad humana, recogidos en la Declaraci\u00f3n Universal de los Derechos Humanos, la cual los Estados miembro deben respetar y cuidar, estableciendo medidas de acci\u00f3n positiva y dotando de financiaci\u00f3n necesaria a las entidades, organismos, asociaciones, etc., que trabajan tanto en la defensa como en la promoci\u00f3n de los derechos de las mujeres y ni\u00f1as con discapacidad.<\/p>\n<p>Por todo ello, CEMUDIS y todas las entidades confederadas exigimos:<\/p>\n<ul>\n<li>Fomentar la participaci\u00f3n social de todas las mujeres y ni\u00f1as con discapacidad sin distinci\u00f3n.<\/li>\n<li>Asignar una financiaci\u00f3n justa y estable para el desarrollo de programas y actividades que llevan a cabo las entidades asociativas.<\/li>\n<li>Establecer y promover formaci\u00f3n especializada a los equipos socio-sanitarios, equipos profesionales de entidades sociales, as\u00ed como cuerpos y fuerzas de seguridad, para que sean conocedores de los procesos de intervenci\u00f3n con mujeres y ni\u00f1as con discapacidad, en los que se impulse el bienestar y la autonom\u00eda personal.<\/li>\n<li>Garantizar el derecho a la salud sexual, entendida como un estado de bienestar f\u00edsico, mental y social que comprende la posibilidad de disfrutar experiencias sexuales sin discriminaci\u00f3n, violencia o prejuicios.<\/li>\n<li>Velar por el cumplimiento de los derechos fundamentales recogidos en la Declaraci\u00f3n Universal de Derechos Humanos.<\/li>\n<li>Incorporar indicadores en todos los estudios y estad\u00edsticas para dar a conocer la situaci\u00f3n de las mujeres y ni\u00f1as con discapacidad que viven o han vivido violencia en cualquiera de sus modalidades.<\/li>\n<li>Impulsar la perspectiva de la discapacidad y de g\u00e9nero en todos los proyectos subvencionados con fondos p\u00fablicos que puedan estar relacionados con la violencia contra las mujeres y ni\u00f1as.<\/li>\n<li>Garantizar y fomentar una educaci\u00f3n inclusiva y adaptada para las ni\u00f1as y mujeres con discapacidad, incluyendo acciones encaminadas a la erradicaci\u00f3n del fracaso y\/o abandono escolar.<\/li>\n<li>Promover un sistema educativo basado en la coeducaci\u00f3n que consolide la igualdad de oportunidades, la corresponsabilidad y la inclusi\u00f3n social de todas las mujeres.<\/li>\n<li>Promover una imagen que se ajuste a la realidad, de forma positiva, de las ni\u00f1as y mujeres con discapacidad que pueda favorecer la inclusi\u00f3n social del colectivo en todos los aspectos de la vida.<\/li>\n<li>Reconocer desde los poderes p\u00fablicos la labor desempe\u00f1ada cada d\u00eda por las entidades sociales que promueven la igualdad, dotando de recursos y servicios a colectivos en situaci\u00f3n de vulnerabilidad, especialmente a las ni\u00f1as y mujeres con discapacidad.<\/li>\n<li>Garantizar la vida independiente y aut\u00f3noma de las mujeres y ni\u00f1as con discapacidad.<\/li>\n<li>Establecer los mecanismos necesarios para facilitar el acceso de las mujeres con discapacidad al mercado laboral.<\/li>\n<li>Promover y fomentar la participaci\u00f3n cultural y el ocio, desde una perspectiva de accesibilidad e inclusi\u00f3n social, para las mujeres y ni\u00f1as con discapacidad.<\/li>\n<\/ul>\n<p>&nbsp;<\/p>\n<p>Desde la Confederaci\u00f3n Estatal de Mujeres con Discapacidad (CEMUDIS), en nombre y representaci\u00f3n de todas las organizaciones que trabajan activamente en la defensa y protecci\u00f3n de los derechos de las mujeres y ni\u00f1as con discapacidad, y especialmente nuestras entidades miembro (Federaci\u00f3n de Asociaciones de Mujeres con Discapacidad en Andaluc\u00eda FAMDISA, Asociaci\u00f3n AMANIXER de Arag\u00f3n, Asociaci\u00f3n LUNA Castilla-La Mancha, Asociaci\u00f3n de mulleres con discapacidade de Galicia ACADAR, Asociaci\u00f3n M\u00e1s Mujer Murcia, Asociaci\u00f3n Dones no Est\u00e0ndars de Catalu\u00f1a, Asociaci\u00f3n de mujeres con discapacidad de Palencia AMUDIS, Asociaci\u00f3n extreme\u00f1a de mujeres con discapacidad AEMDI, Asociaci\u00f3n de Mujeres en Movimiento de Valencia); reivindicamos la necesidad de seguir sumando y poniendo empe\u00f1o para erradicar cualquier forma de violencia o vulneraci\u00f3n de los Derechos Humanos fundamentales de las mujeres y ni\u00f1as con discapacidad que a\u00fan a d\u00eda de hoy se siguen produciendo.<\/p>\n<p>&nbsp;<\/p>\n<p>Accede al Manifiesto aqu\u00ed:\u00a0<strong><a role=\"link\" href=\"https:\/\/www.cemudis.org\/wp-content\/uploads\/2024\/03\/Manifiesto-CEMUDIS-8M-2024.pdf\" rel=\"nofollow noopener\" target=\"_blank\">Manifiesto CEMUDIS 8M 2024<\/a><\/strong><\/p>\n<p>&nbsp;<\/p>\n<p style=\"text-align: center;\"><strong>#8M<\/strong><\/p>\n<p style=\"text-align: center;\"><strong>#DerechosRealesYa<\/strong><\/p>","protected":false},"excerpt":{"rendered":"<p>Como parte de nuestro firme&#8230;<\/p>","protected":false},"author":22,"featured_media":13937,"comment_status":"closed","ping_status":"closed","sticky":false,"template":"","format":"standard","meta":{"_acf_changed":false,"footnotes":""},"categories":[76,74],"tags":[],"class_list":{"0":"post-13934","1":"post","2":"type-post","3":"status-publish","4":"format-standard","5":"has-post-thumbnail","7":"category-discapacidad","8":"category-reivindicacion"},"acf":[],"_links":{"self":[{"href":"https:\/\/fibrosisquistica.org\/en\/wp-json\/wp\/v2\/posts\/13934","targetHints":{"allow":["GET"]}}],"collection":[{"href":"https:\/\/fibrosisquistica.org\/en\/wp-json\/wp\/v2\/posts"}],"about":[{"href":"https:\/\/fibrosisquistica.org\/en\/wp-json\/wp\/v2\/types\/post"}],"author":[{"embeddable":true,"href":"https:\/\/fibrosisquistica.org\/en\/wp-json\/wp\/v2\/users\/22"}],"replies":[{"embeddable":true,"href":"https:\/\/fibrosisquistica.org\/en\/wp-json\/wp\/v2\/comments?post=13934"}],"version-history":[{"count":3,"href":"https:\/\/fibrosisquistica.org\/en\/wp-json\/wp\/v2\/posts\/13934\/revisions"}],"predecessor-version":[{"id":13938,"href":"https:\/\/fibrosisquistica.org\/en\/wp-json\/wp\/v2\/posts\/13934\/revisions\/13938"}],"wp:featuredmedia":[{"embeddable":true,"href":"https:\/\/fibrosisquistica.org\/en\/wp-json\/wp\/v2\/media\/13937"}],"wp:attachment":[{"href":"https:\/\/fibrosisquistica.org\/en\/wp-json\/wp\/v2\/media?parent=13934"}],"wp:term":[{"taxonomy":"category","embeddable":true,"href":"https:\/\/fibrosisquistica.org\/en\/wp-json\/wp\/v2\/categories?post=13934"},{"taxonomy":"post_tag","embeddable":true,"href":"https:\/\/fibrosisquistica.org\/en\/wp-json\/wp\/v2\/tags?post=13934"}],"curies":[{"name":"wp","href":"https:\/\/api.w.org\/{rel}","templated":true}]}}