{"id":1877,"date":"2016-06-13T13:38:48","date_gmt":"2016-06-13T13:38:48","guid":{"rendered":"http:\/\/nueva.fefq.es\/?p=1877"},"modified":"2021-04-07T11:02:34","modified_gmt":"2021-04-07T11:02:34","slug":"el-street-tennis-celebra-con-exito-su-primera-jornada-en-santiago-de-compostela-colaborando-con-la-fq","status":"publish","type":"post","link":"https:\/\/fibrosisquistica.org\/en\/el-street-tennis-celebra-con-exito-su-primera-jornada-en-santiago-de-compostela-colaborando-con-la-fq\/","title":{"rendered":"El \u2018Street Tennis\u2019 celebra con \u00e9xito su primera jornada en Santiago de Compostela colaborando con la FQ"},"content":{"rendered":"<div class=\"esnoticia\">\n<h3>El \u2018Street Tennis\u2019 celebra con \u00e9xito su primera jornada en Santiago de Compostela colaborando con la FQ<\/h3>\n<p class=\"subtitol\">Un total de 275 ni\u00f1os y ni\u00f1as participaron en esta jornada de diversi\u00f3n y deporte en Galicia<\/p>\n<div class=\"noticias\"><img decoding=\"async\" src=\"http:\/\/nueva.fefq.es\/wp-content\/uploads\/2011\/01\/noticia_1112.jpg\" alt=\"El \u2018Street Tennis\u2019 celebra con \u00e9xito su primera jornada en Santiago de Compostela colaborando con la FQ\" width=\"380\" title=\"\"><\/div>\n<p class=\"MsoNormal\">\nEl \u2018Street Tennis\u2019 organizado por la Fundaci\u00f3n de Juan Carlos Ferrero celebr\u00f3 el s\u00e1bado su primera jornada en Galicia y lo ha hecho a lo grande, completando el mejor evento desde que inici\u00f3 este proyecto en 2013. Un total de 275 ni\u00f1os y ni\u00f1as se congregaron en la emblem\u00e1tica Catedral de Santiago para celebrar el tercer \u2018Street Tennis\u2019 de la temporada, tras los realizados en Onteniente y Madrid.<\/p>\n<p class=\"MsoNormal\">Juan Carlos Ferrero se ha mostrado feliz por el \u00e9xito. \u00abHemos conseguido acercar el tenis y el deporte a la calle, promocionando un estilo de vida saludable y ayudando a los m\u00e1s j\u00f3venes a iniciar valores de integridad y solidaridad. Para m\u00ed es un orgullo ver c\u00f3mo se ha desarrollado este evento en la Plaza de la Quintana, que es donde est\u00e1 la puerta Santa de la Catedral, y que ha estado a rebosar de ni\u00f1os. Quiero aprovechar para dar las gracias a todos los que han hecho posible este gran \u00e9xito\u00bb, ha dicho el ex n\u00famero uno mundial.<\/p>\n<p class=\"MsoNormal\">Por su parte, Juan Olivert, director del \u2018Street Tennis\u2019, as\u00ed como del prestigioso circuito canterano \u2018Promesas\u2019, ha a\u00f1adido que \u00abaparte del \u00e9xito deportivo quiero hacer destacar el tremendo esfuerzo de la Fundaci\u00f3n de la Universidad de Santiago de Compostela para que este evento haya sido un \u00e9xito. Desde aqu\u00ed queremos agradecer a los m\u00e1s de 40 voluntarios que nos han acompa\u00f1ado y, por supuesto, a las instituciones que lo han hecho posible\u201d.<\/p>\n<p class=\"MsoNormal\">El acto ha tenido la inestimable colaboraci\u00f3n del Consello de Santiago, de la Fundaci\u00f3n Deporte Joven y de la Fundaci\u00f3n de la Universidad de Santiago de Compostela.<\/p>\n<p class=\"MsoNormal\">Y como siempre, han colaborado con la Federaci\u00f3n Espa\u00f1ola de Fibrosis Qu\u00edstica ayudando a divulgar la enfermedad y repartiendo cuentos solidarios, as\u00ed como nuestra mascota Pumonito, entre todos los ni\u00f1os asistentes.<\/p>\n<p class=\"MsoNormal\">En representaci\u00f3n de la Federaci\u00f3n Espa\u00f1ola de Fibrosis Qu\u00edstica, asistieron al evento Juan Da Silva, presidente de la Asociaci\u00f3n Gallega de FQ y vicepresidente de la FEFQ, y Laura Esteban, responsable de proyectos de la FEFQ.<\/p>\n<p class=\"link\">\n<div class=\"span-14 last volver\"><a href=\"index.php?pagina=noticias\">Volver<\/a><\/div>\n<\/div>","protected":false},"excerpt":{"rendered":"<p>El \u2018Street Tennis\u2019 celebra con&#8230;<\/p>","protected":false},"author":1,"featured_media":10628,"comment_status":"closed","ping_status":"closed","sticky":false,"template":"","format":"standard","meta":{"_acf_changed":false,"footnotes":""},"categories":[8],"tags":[],"class_list":{"0":"post-1877","1":"post","2":"type-post","3":"status-publish","4":"format-standard","5":"has-post-thumbnail","7":"category-federacion"},"acf":[],"_links":{"self":[{"href":"https:\/\/fibrosisquistica.org\/en\/wp-json\/wp\/v2\/posts\/1877","targetHints":{"allow":["GET"]}}],"collection":[{"href":"https:\/\/fibrosisquistica.org\/en\/wp-json\/wp\/v2\/posts"}],"about":[{"href":"https:\/\/fibrosisquistica.org\/en\/wp-json\/wp\/v2\/types\/post"}],"author":[{"embeddable":true,"href":"https:\/\/fibrosisquistica.org\/en\/wp-json\/wp\/v2\/users\/1"}],"replies":[{"embeddable":true,"href":"https:\/\/fibrosisquistica.org\/en\/wp-json\/wp\/v2\/comments?post=1877"}],"version-history":[{"count":0,"href":"https:\/\/fibrosisquistica.org\/en\/wp-json\/wp\/v2\/posts\/1877\/revisions"}],"wp:featuredmedia":[{"embeddable":true,"href":"https:\/\/fibrosisquistica.org\/en\/wp-json\/wp\/v2\/media\/10628"}],"wp:attachment":[{"href":"https:\/\/fibrosisquistica.org\/en\/wp-json\/wp\/v2\/media?parent=1877"}],"wp:term":[{"taxonomy":"category","embeddable":true,"href":"https:\/\/fibrosisquistica.org\/en\/wp-json\/wp\/v2\/categories?post=1877"},{"taxonomy":"post_tag","embeddable":true,"href":"https:\/\/fibrosisquistica.org\/en\/wp-json\/wp\/v2\/tags?post=1877"}],"curies":[{"name":"wp","href":"https:\/\/api.w.org\/{rel}","templated":true}]}}