{"id":1921,"date":"2016-05-20T14:35:11","date_gmt":"2016-05-20T14:35:11","guid":{"rendered":"http:\/\/nueva.fefq.es\/?p=1921"},"modified":"2021-04-07T11:08:44","modified_gmt":"2021-04-07T11:08:44","slug":"manana-se-celebra-un-concierto-benefico-a-favor-de-la-asociacion-gallega-de-fibrosis-quistica","status":"publish","type":"post","link":"https:\/\/fibrosisquistica.org\/en\/manana-se-celebra-un-concierto-benefico-a-favor-de-la-asociacion-gallega-de-fibrosis-quistica\/","title":{"rendered":"Ma\u00f1ana se celebra un Concierto Ben\u00e9fico a favor de la Asociaci\u00f3n Gallega de Fibrosis Qu\u00edstica"},"content":{"rendered":"<div class=\"esnoticia\">\n<h3>Ma\u00f1ana se celebra un Concierto Ben\u00e9fico a favor de la Asociaci\u00f3n Gallega de Fibrosis Qu\u00edstica<\/h3>\n<p class=\"subtitol\">Tendr\u00e1 lugar en el Teatro Afundaci\u00f3n de Vigo a las 20 horas<\/p>\n<p class=\"MsoNormal\">\nMa\u00f1ana s\u00e1bado 21 de mayo la Asociaci\u00f3n Gallega de Fibrosis Qu\u00edstica estar\u00e1 en el Teatro Afundaci\u00f3n de Vigo a las 20:00h en el concierto de Manu Escudero que presenta su nuevo disco \u201cCaminando\u201d. Adem\u00e1s, contar\u00e1n con la compa\u00f1\u00eda del grupo musical C\u00f3mplices como artistas invitados.<\/p>\n<p class=\"MsoNormal\">Parte de la recaudaci\u00f3n del concierto ir\u00e1 destinado a la Asociaci\u00f3n Gallega de Fibrosis Qu\u00edstica y a la Fundaci\u00f3n AdELA &#8211; AgaELA.<\/p>\n<p class=\"MsoNormal\">Si a\u00fan no tienes tu entrada puedes adquirirla en el siguiente enlace:<\/p>\n<p class=\"MsoNormal\"><a href=\"https:\/\/entradas.ataquilla.com\/ventaentradas\/es\/otras-musicas\/teatro-afundacion-vigo\/6215--manu-escudero-en-concierto.html\" target=\"_blank\" rel=\"noopener noreferrer nofollow\">https:\/\/entradas.ataquilla.com\/ventaentradas\/es\/otras-musicas\/teatro-afundacion-vigo\/6215&#8211;manu-escudero-en-concierto.html<\/a><\/p>\n<p class=\"MsoNormal\">\n\u00a1An\u00edmate \u00a0a disfrutar del concierto en directo y a colaborar con la Fibrosis Qu\u00edstica y la ELA!<\/p>\n<p class=\"link\">\n<div class=\"span-14 last volver\"><a href=\"index.php?pagina=noticias\">Volver<\/a><\/div>\n<\/div>","protected":false},"excerpt":{"rendered":"<p>Ma\u00f1ana se celebra un Concierto&#8230;<\/p>","protected":false},"author":1,"featured_media":10662,"comment_status":"closed","ping_status":"closed","sticky":false,"template":"","format":"standard","meta":{"_acf_changed":false,"footnotes":""},"categories":[8],"tags":[],"class_list":{"0":"post-1921","1":"post","2":"type-post","3":"status-publish","4":"format-standard","5":"has-post-thumbnail","7":"category-federacion"},"acf":[],"_links":{"self":[{"href":"https:\/\/fibrosisquistica.org\/en\/wp-json\/wp\/v2\/posts\/1921","targetHints":{"allow":["GET"]}}],"collection":[{"href":"https:\/\/fibrosisquistica.org\/en\/wp-json\/wp\/v2\/posts"}],"about":[{"href":"https:\/\/fibrosisquistica.org\/en\/wp-json\/wp\/v2\/types\/post"}],"author":[{"embeddable":true,"href":"https:\/\/fibrosisquistica.org\/en\/wp-json\/wp\/v2\/users\/1"}],"replies":[{"embeddable":true,"href":"https:\/\/fibrosisquistica.org\/en\/wp-json\/wp\/v2\/comments?post=1921"}],"version-history":[{"count":0,"href":"https:\/\/fibrosisquistica.org\/en\/wp-json\/wp\/v2\/posts\/1921\/revisions"}],"wp:featuredmedia":[{"embeddable":true,"href":"https:\/\/fibrosisquistica.org\/en\/wp-json\/wp\/v2\/media\/10662"}],"wp:attachment":[{"href":"https:\/\/fibrosisquistica.org\/en\/wp-json\/wp\/v2\/media?parent=1921"}],"wp:term":[{"taxonomy":"category","embeddable":true,"href":"https:\/\/fibrosisquistica.org\/en\/wp-json\/wp\/v2\/categories?post=1921"},{"taxonomy":"post_tag","embeddable":true,"href":"https:\/\/fibrosisquistica.org\/en\/wp-json\/wp\/v2\/tags?post=1921"}],"curies":[{"name":"wp","href":"https:\/\/api.w.org\/{rel}","templated":true}]}}