{"id":197,"date":"2015-06-12T07:41:38","date_gmt":"2015-06-12T07:41:38","guid":{"rendered":"http:\/\/nueva.fefq.es\/?p=197"},"modified":"2015-07-30T07:43:22","modified_gmt":"2015-07-30T07:43:22","slug":"la-federacion-espanola-de-fq-fue-galardonada-ayer-con-el-premio-albert-jovell-dotado-con-3000-euros","status":"publish","type":"post","link":"https:\/\/fibrosisquistica.org\/en\/la-federacion-espanola-de-fq-fue-galardonada-ayer-con-el-premio-albert-jovell-dotado-con-3000-euros\/","title":{"rendered":"La Federaci\u00f3n Espa\u00f1ola de FQ fue galardonada ayer con el Premio Albert Jovell dotado con 3000 euros"},"content":{"rendered":"<p><strong>Por su proyecto \u201cFisioterapia respiratoria en ni\u00f1os y j\u00f3venes con fibrosis qu\u00edstica y sus familias en el domicilio\u201d.<\/strong><\/p>\n<div class=\"noticias\"><img decoding=\"async\" src=\"https:\/\/fibrosisquistica.org\/images\/noticias\/noticia_975.jpg\" alt=\"La Federaci\u00f3n Espa\u00f1ola de FQ fue galardonada ayer con el Premio Albert Jovell dotado con 3000 euros\" width=\"380\" title=\"\"><\/div>\n<p>Ayer se celebr\u00f3 en Barcelona la <strong>I Edici\u00f3n del Foro Premios Albert J. Jovell, <\/strong>una iniciativa \u00fanica que nace como una plataforma de intercambio de conocimiento entre los distintos colectivos que trabajan alrededor del paciente, con el objetivo de compartir y desarrollar iniciativas innovadoras que ayuden a mejorar los resultados en salud de los pacientes.<\/p>\n<p>En esta primera edici\u00f3n se presentaron 225 proyectos en seis categor\u00edas distintas. La <strong>Federaci\u00f3n Espa\u00f1ola de Fibrosis Qu\u00edstica<\/strong> fue galardonada con el <strong>primer premio<\/strong>, dotado con 3.000 euros, en la categor\u00eda <strong>\u201cFormaci\u00f3n dirigida a pacientes y\/o familiares desarrollada por asociaciones de pacientes, ONG o fundaciones\u201d<\/strong>, por el proyecto <strong>\u201cFisioterapia respiratoria en ni\u00f1os y j\u00f3venes con fibrosis qu\u00edstica y sus familias en el domicilio\u201d.<\/strong><\/p>\n<p>Laura Esteban, responsable de proyectos de la Federaci\u00f3n, fue la encargada de recoger este premio que reconoce la labor de la Federaci\u00f3n en la educaci\u00f3n sanitaria a las personas con Fibrosis Qu\u00edstica, fomentando siempre su autonom\u00eda y mejorando su calidad y esperanza de vida.<\/p>\n<p>En el siguiente enlace pod\u00e9is ver toda la entrega de premios y <strong>el galard\u00f3n a la Federaci\u00f3n en el minuto 3:42:05. <\/strong><a href=\"http:\/\/www.catedrasenred.es\/foro-premios-albert-jovell\/streaming-en-directo\" rel=\"nofollow noopener\" target=\"_blank\">http:\/\/www.catedrasenred.es\/foro-premios-albert-jovell\/streaming-en-directo<\/a><\/p>\n<p>Los otros galardonados de la noche fueron:<\/p>\n<p>&#8211; La <strong>Asociaci\u00f3n Espa\u00f1ola contra el C\u00e1ncer <\/strong>por la campa\u00f1a \u201cEsta mierda puede salvarte la vida\u201d para la prevenci\u00f3n del c\u00e1ncer colorectal, a la Mejor campa\u00f1a de prevenci\u00f3n desarrollada por asociaciones de pacientes, ONG o fundaciones.<\/p>\n<p>&#8211; El <strong>Colegio de M\u00e9dicos de Bizkaia p<\/strong>or la campa\u00f1a \u201cS\u00f3lo con las manos\u201d para la reanimaci\u00f3n cardiopulmonar, a la Mejor formaci\u00f3n dirigida a pacientes y\/o familiares desarrollada por sociedades cient\u00edficas o colegios profesionales.<\/p>\n<p><strong>&#8211; Mar\u00eda Jes\u00fas Hern\u00e1ndez Arroyo<\/strong> y su \u201cPrograma de atenci\u00f3n farmac\u00e9utica a pacientes con VIH\u201d, a la Mejor Iniciativa que mejore los resultados en salud de los pacientes\u201d desarrollada por profesionales sanitarios.<\/p>\n<p><strong>&#8211; Verus BCN<\/strong> y su trabajo \u201cLos otros trasplantes\u201d, al Mejor trabajo period\u00edstico de \u00e1mbito sanitario desarrollado por periodistas o profesionales de la informaci\u00f3n.<\/p>\n<p>&#8211; La <strong>Universidad Rey Juan Carlos<\/strong> y su \u201cPrograma de los animales al servicio de la Humanidad\u201d, a la Mejor campa\u00f1a de sensibilizaci\u00f3n de las enfermedades y su prevenci\u00f3n\u201d desarollada en el \u00e1mbito universitario.<\/p>\n<p>El premio honor\u00edfico fue para el <strong>Doctor Santiago Moreno Guill\u00e9n<\/strong>, a la Mejor trayectoria profesional ligada a la salud\u201d a propuesta del Jurado.<\/p>\n<p><strong>Albert J. Jovell<\/strong> fue un firme defensor de la sanidad p\u00fablica en Espa\u00f1a y con su labor contribuy\u00f3 enormemente en la promoci\u00f3n de los derechos de las personas enfermas. Gracias a su formaci\u00f3n como m\u00e9dico y soci\u00f3logo, y a su propia condici\u00f3n de paciente, el doctor Jovell impuls\u00f3 la mejora de nuestro sistema de Salud P\u00fablica en t\u00e9rminos de comunicaci\u00f3n, relaciones personales y forma en la que los pacientes se implican en su autocuidado.<\/p>\n<p>Albert J. Jovell transmiti\u00f3 este conocimiento a trav\u00e9s de una serie de iniciativas interconectadas, contribuyendo a la creaci\u00f3n del Foro Espa\u00f1ol de Pacientes, para representar en diferentes \u00e1mbitos el derecho de las personas enfermas a participar de manera activa en los procesos de toma de decisiones sobre su salud. Tambi\u00e9n fue el impulsor de la Universidad de los Pacientes, un instrumento de apoyo para pacientes y familiares en los \u00e1mbitos de la informaci\u00f3n comprensible, la formaci\u00f3n y la investigaci\u00f3n para entender aspectos esenciales de sus enfermedades y los tratamientos disponibles.<\/p>\n<p>Ponente y ensayista, profesor e investigador, Albert J. Jovell fue autor de m\u00e1s de 190 art\u00edculos cient\u00edficos y varios libros, que recogen los principales ejes de su pensamiento y nos han dejado un buen n\u00famero de\u00a0frases c\u00e9lebres\u00a0para la posteridad.<\/p>\n<p>El\u00a0<strong>Foro Premios Albert Jovell<\/strong>\u00a0pretende convertirse en un referente en el \u00e1mbito de la salud y el cuidado de los pacientes, dentro y fuera de Espa\u00f1a. Entre los objetivos que se proponen con este proyecto, destacan:<\/p>\n<p>&#8211; Reconocer a aquellos agentes sociales y profesionales que con su labor contribuyan a mejorar cualquier proceso de salud encaminado a aumentar la calidad de vida de las personas enfermas.<\/p>\n<p>&#8211; Difundir ejemplos de buenas pr\u00e1cticas llevadas a cabo en el entorno sanitario y\/o universitario, para que sirvan de referente e inspiren el trabajo de nuevos equipos.<\/p>\n<p>&#8211; Contribuir a la mejora del sistema de salud para que los pacientes conozcan mejor sus enfermedades, se sientan cada vez m\u00e1s implicados en su tratamiento, perciban que su voz es tenida en cuenta y quieran ser part\u00edcipes en todos los procesos relacionados con la mejora de su salud y de la de otros.<\/p>","protected":false},"excerpt":{"rendered":"<p>Por su proyecto \u201cFisioterapia respiratoria&#8230;<\/p>","protected":false},"author":22,"featured_media":0,"comment_status":"closed","ping_status":"closed","sticky":false,"template":"","format":"standard","meta":{"_acf_changed":false,"footnotes":""},"categories":[8],"tags":[],"class_list":{"0":"post-197","1":"post","2":"type-post","3":"status-publish","4":"format-standard","6":"category-federacion"},"acf":[],"_links":{"self":[{"href":"https:\/\/fibrosisquistica.org\/en\/wp-json\/wp\/v2\/posts\/197","targetHints":{"allow":["GET"]}}],"collection":[{"href":"https:\/\/fibrosisquistica.org\/en\/wp-json\/wp\/v2\/posts"}],"about":[{"href":"https:\/\/fibrosisquistica.org\/en\/wp-json\/wp\/v2\/types\/post"}],"author":[{"embeddable":true,"href":"https:\/\/fibrosisquistica.org\/en\/wp-json\/wp\/v2\/users\/22"}],"replies":[{"embeddable":true,"href":"https:\/\/fibrosisquistica.org\/en\/wp-json\/wp\/v2\/comments?post=197"}],"version-history":[{"count":0,"href":"https:\/\/fibrosisquistica.org\/en\/wp-json\/wp\/v2\/posts\/197\/revisions"}],"wp:attachment":[{"href":"https:\/\/fibrosisquistica.org\/en\/wp-json\/wp\/v2\/media?parent=197"}],"wp:term":[{"taxonomy":"category","embeddable":true,"href":"https:\/\/fibrosisquistica.org\/en\/wp-json\/wp\/v2\/categories?post=197"},{"taxonomy":"post_tag","embeddable":true,"href":"https:\/\/fibrosisquistica.org\/en\/wp-json\/wp\/v2\/tags?post=197"}],"curies":[{"name":"wp","href":"https:\/\/api.w.org\/{rel}","templated":true}]}}