{"id":1999,"date":"2016-03-14T15:59:12","date_gmt":"2016-03-14T15:59:12","guid":{"rendered":"http:\/\/nueva.fefq.es\/?p=1999"},"modified":"2021-04-07T11:26:31","modified_gmt":"2021-04-07T11:26:31","slug":"tomas-castillo-presidente-de-la-federacion-es-nombrado-torrelaveguense-ilustre","status":"publish","type":"post","link":"https:\/\/fibrosisquistica.org\/en\/tomas-castillo-presidente-de-la-federacion-es-nombrado-torrelaveguense-ilustre\/","title":{"rendered":"Tom\u00e1s Castillo, presidente de la Federaci\u00f3n, es nombrado Torrelaveguense Ilustre"},"content":{"rendered":"<div class=\"esnoticia\">\n<h3>Tom\u00e1s Castillo, presidente de la Federaci\u00f3n, es nombrado Torrelaveguense Ilustre<\/h3>\n<p class=\"subtitol\">El acto se celebr\u00f3 este fin de semana en Torrelavega y cont\u00f3 con la asistencia de cerca de 200 personas.<\/p>\n<div><\/div>\n<div>\n<p class=\"MsoNormal\">El grupo de opini\u00f3n Quercus ha designado Torrelaveguense Ilustre 2016 al psic\u00f3logo Tom\u00e1s Castillo Arenal, gerente de la asociaci\u00f3n Amica desde 1984 y presidente de la Federaci\u00f3n Espa\u00f1ola de Fibrosis Qu\u00edstica desde 2007. El acto de reconocimiento se celebr\u00f3 el pasado fin de semana en el C\u00edrculo de Recreo de Torrelavega y cont\u00f3 con la presencia de cerca de 200 personas.<\/p>\n<p class=\"MsoNormal\">Tomas Castillo Arenal (Torrelavega, 1957) es licenciado en Psicolog\u00eda y m\u00e1ster Universitario en Atenci\u00f3n Integral a Personas con Discapacidad Intelectual, adem\u00e1s de gerente de los centros especiales de empleo de Amica -Soemca y Saema- , que cuentan con una plantilla de m\u00e1s de 500 personas.<\/p>\n<p class=\"MsoNormal\">Es vocal de la Junta Directiva de la Federaci\u00f3n Espa\u00f1ola de Enfermedades Raras (FEDER) desde 2010 y presidente de la Plataforma de Organizaciones de Pacientes, desde su constituci\u00f3n en 2014, una entidad que re\u00fane a muchas de las principales Federaciones y Asociaciones de pacientes de enfermedades cr\u00f3nicas.<\/p>\n<p class=\"MsoNormal\">Es docente colaborador de la Universidad de Cantabria desde 1987 y de la Universidad Cat\u00f3lica de Valencia desde 2010, en la que es director t\u00e9cnico del Instituto Investigaci\u00f3n Capacitas-Amica. En su curr\u00edculum destaca tambi\u00e9n su faceta de investigador con la Organizaci\u00f3n Mundial de la Salud (OMS), de la que ha sido consultor en la Clasificaci\u00f3n Internacional del Funcionamiento, de la Discapacidad y de la Salud (2001). Y ha colaborado con el Gobierno regional en la elaboraci\u00f3n de los dos planes de salud mental de Cantabria.<\/p>\n<p class=\"MsoNormal\">Adem\u00e1s, participa de forma asidua en diversos foros en temas sobre discapacidad, enfermedades cr\u00f3nicas y de baja prevalencia, y la gesti\u00f3n de entidades sin \u00e1nimo de lucro, y en 2014 recibi\u00f3 el Premio nacional como Emprendedor Social del A\u00f1o otorgado por Ernest&amp;Young.<\/p>\n<\/div>\n<p class=\"link\">\n<div class=\"span-14 last volver\"><a href=\"index.php?pagina=noticias\">Volver<\/a><\/div>\n<\/div>","protected":false},"excerpt":{"rendered":"<p>Tom\u00e1s Castillo, presidente de la&#8230;<\/p>","protected":false},"author":1,"featured_media":10714,"comment_status":"closed","ping_status":"closed","sticky":false,"template":"","format":"standard","meta":{"_acf_changed":false,"footnotes":""},"categories":[8],"tags":[],"class_list":{"0":"post-1999","1":"post","2":"type-post","3":"status-publish","4":"format-standard","5":"has-post-thumbnail","7":"category-federacion"},"acf":[],"_links":{"self":[{"href":"https:\/\/fibrosisquistica.org\/en\/wp-json\/wp\/v2\/posts\/1999","targetHints":{"allow":["GET"]}}],"collection":[{"href":"https:\/\/fibrosisquistica.org\/en\/wp-json\/wp\/v2\/posts"}],"about":[{"href":"https:\/\/fibrosisquistica.org\/en\/wp-json\/wp\/v2\/types\/post"}],"author":[{"embeddable":true,"href":"https:\/\/fibrosisquistica.org\/en\/wp-json\/wp\/v2\/users\/1"}],"replies":[{"embeddable":true,"href":"https:\/\/fibrosisquistica.org\/en\/wp-json\/wp\/v2\/comments?post=1999"}],"version-history":[{"count":0,"href":"https:\/\/fibrosisquistica.org\/en\/wp-json\/wp\/v2\/posts\/1999\/revisions"}],"wp:featuredmedia":[{"embeddable":true,"href":"https:\/\/fibrosisquistica.org\/en\/wp-json\/wp\/v2\/media\/10714"}],"wp:attachment":[{"href":"https:\/\/fibrosisquistica.org\/en\/wp-json\/wp\/v2\/media?parent=1999"}],"wp:term":[{"taxonomy":"category","embeddable":true,"href":"https:\/\/fibrosisquistica.org\/en\/wp-json\/wp\/v2\/categories?post=1999"},{"taxonomy":"post_tag","embeddable":true,"href":"https:\/\/fibrosisquistica.org\/en\/wp-json\/wp\/v2\/tags?post=1999"}],"curies":[{"name":"wp","href":"https:\/\/api.w.org\/{rel}","templated":true}]}}