{"id":2002,"date":"2016-03-11T16:00:20","date_gmt":"2016-03-11T16:00:20","guid":{"rendered":"http:\/\/nueva.fefq.es\/?p=2002"},"modified":"2021-04-07T11:26:32","modified_gmt":"2021-04-07T11:26:32","slug":"entrevista-a-andrea-vilarino-por-el-exito-de-su-libro-solo-respira-sobre-la-fibrosis-quistica","status":"publish","type":"post","link":"https:\/\/fibrosisquistica.org\/en\/entrevista-a-andrea-vilarino-por-el-exito-de-su-libro-solo-respira-sobre-la-fibrosis-quistica\/","title":{"rendered":"Entrevista a Andrea Vilari\u00f1o por el \u00e9xito de su libro \u00abS\u00f3lo respira\u00bb sobre la Fibrosis Qu\u00edstica"},"content":{"rendered":"<div class=\"esnoticia\">\n<h3>Entrevista a Andrea Vilari\u00f1o por el \u00e9xito de su libro \u00abS\u00f3lo respira\u00bb sobre la Fibrosis Qu\u00edstica<\/h3>\n<p class=\"subtitol\">Emitida en el programa \u00abM\u00e1s que contar\u00bb de V Televisi\u00f3n.<\/p>\n<p class=\"MsoNormal\">\nAqu\u00ed os dejamos esta entrevista realizada a la escritora Andrea Vilari\u00f1o en el programa \u00abM\u00e1s que contar\u00bb de V Televisi\u00f3n, con motivo del \u00e9xito de su segundo libro \u00abSolo respira\u00bb. El libro trata sobre la Fibrosis Qu\u00edstica, enfermedad que ella misma padece.<\/p>\n<p class=\"MsoNormal\"><a href=\"https:\/\/www.youtube.com\/watch?v=KDQ8AksYzQQ\" rel=\"nofollow noopener\" target=\"_blank\">https:\/\/www.youtube.com\/watch?v=KDQ8AksYzQQ<\/a><\/p>\n<p class=\"MsoNormal\">Ten\u00e9is m\u00e1s informaci\u00f3n sobre este libro y su autora <a href=\"..\/index.php?pagina=noticias&amp;esnoticia=1056\">aqu\u00ed<\/a>.<\/p>\n<p class=\"link\">\n<div class=\"span-14 last volver\"><a href=\"index.php?pagina=noticias\">Volver<\/a><\/div>\n<\/div>","protected":false},"excerpt":{"rendered":"<p>Entrevista a Andrea Vilari\u00f1o por&#8230;<\/p>","protected":false},"author":1,"featured_media":10713,"comment_status":"closed","ping_status":"closed","sticky":false,"template":"","format":"standard","meta":{"_acf_changed":false,"footnotes":""},"categories":[8],"tags":[],"class_list":{"0":"post-2002","1":"post","2":"type-post","3":"status-publish","4":"format-standard","5":"has-post-thumbnail","7":"category-federacion"},"acf":[],"_links":{"self":[{"href":"https:\/\/fibrosisquistica.org\/en\/wp-json\/wp\/v2\/posts\/2002","targetHints":{"allow":["GET"]}}],"collection":[{"href":"https:\/\/fibrosisquistica.org\/en\/wp-json\/wp\/v2\/posts"}],"about":[{"href":"https:\/\/fibrosisquistica.org\/en\/wp-json\/wp\/v2\/types\/post"}],"author":[{"embeddable":true,"href":"https:\/\/fibrosisquistica.org\/en\/wp-json\/wp\/v2\/users\/1"}],"replies":[{"embeddable":true,"href":"https:\/\/fibrosisquistica.org\/en\/wp-json\/wp\/v2\/comments?post=2002"}],"version-history":[{"count":0,"href":"https:\/\/fibrosisquistica.org\/en\/wp-json\/wp\/v2\/posts\/2002\/revisions"}],"wp:featuredmedia":[{"embeddable":true,"href":"https:\/\/fibrosisquistica.org\/en\/wp-json\/wp\/v2\/media\/10713"}],"wp:attachment":[{"href":"https:\/\/fibrosisquistica.org\/en\/wp-json\/wp\/v2\/media?parent=2002"}],"wp:term":[{"taxonomy":"category","embeddable":true,"href":"https:\/\/fibrosisquistica.org\/en\/wp-json\/wp\/v2\/categories?post=2002"},{"taxonomy":"post_tag","embeddable":true,"href":"https:\/\/fibrosisquistica.org\/en\/wp-json\/wp\/v2\/tags?post=2002"}],"curies":[{"name":"wp","href":"https:\/\/api.w.org\/{rel}","templated":true}]}}