{"id":2005,"date":"2016-03-09T16:01:43","date_gmt":"2016-03-09T16:01:43","guid":{"rendered":"http:\/\/nueva.fefq.es\/?p=2005"},"modified":"2021-04-07T11:26:34","modified_gmt":"2021-04-07T11:26:34","slug":"pacientes-y-farmaindustria-colaboraran-por-el-uso-responsable-del-medicamento-y-la-transparencia","status":"publish","type":"post","link":"https:\/\/fibrosisquistica.org\/en\/pacientes-y-farmaindustria-colaboraran-por-el-uso-responsable-del-medicamento-y-la-transparencia\/","title":{"rendered":"Pacientes y Farmaindustria colaborar\u00e1n por el uso responsable del medicamento y la transparencia"},"content":{"rendered":"<div class=\"esnoticia\">\n<h3>Pacientes y Farmaindustria colaborar\u00e1n por el uso responsable del medicamento y la transparencia<\/h3>\n<p class=\"subtitol\">Firman un convenio, pionero en la relaci\u00f3n entre industria farmac\u00e9utica y asociaciones de pacientes, que promover\u00e1 la formaci\u00f3n y reforzar\u00e1 la transparencia en todo lo relativo a su colaboraci\u00f3n<\/p>\n<p class=\"MsoNormal\">\nTrabajar de forma conjunta en el fomento del uso responsable de\u00a0medicamentos\u00a0y en la\u00a0transparencia\u00a0de las relaciones entre el colectivo de\u00a0pacientes\u00a0y el sector farmac\u00e9utico. Son los principales objetivos del convenio de colaboraci\u00f3n firmado ayer por la\u00a0Plataforma de Organizaciones de Pacientes\u00a0y\u00a0Farmaindustria. Una de las bases del acuerdo ser\u00e1 el cumplimiento y la divulgaci\u00f3n del C\u00f3digo de Buenas Pr\u00e1cticas de la Industria Farmac\u00e9utica, en particular en su regulaci\u00f3n de las interrelaciones con organizaciones de pacientes.<\/p>\n<p class=\"MsoNormal\">Tal y como recoge el convenio,\u00a0Farmaindustria\u00a0valora positivamente el movimiento de articulaci\u00f3n de la iniciativa de los pacientes promovido en Espa\u00f1a por las 26 organizaciones miembro de la Plataforma y el papel de representante de los pacientes que \u00e9sta ostenta de forma democr\u00e1tica e independiente.<\/p>\n<p class=\"MsoNormal\"><strong>Formaci\u00f3n y empoderamiento de pacientes<\/strong><\/p>\n<p class=\"MsoNormal\">En concreto, ambas entidades acuerdan colaborar para promocionar la formaci\u00f3n de pacientes en cuestiones que tengan que ver con su salud, como el uso responsable de medicamentos y la\u00a0adherencia terap\u00e9utica, la\u00a0seguridad del paciente, el acceso a la informaci\u00f3n y la participaci\u00f3n en\u00a0ensayos cl\u00ednicos.<\/p>\n<p class=\"MsoNormal\">Igualmente, se comprometen a impulsar actividades que favorezcan el empoderamiento del\u00a0paciente\u00a0y el refuerzo del movimiento asociativo en \u00e1reas tales como la comprensi\u00f3n de la informaci\u00f3n sobre f\u00e1rmacos.<\/p>\n<p class=\"MsoNormal\">Para\u00a0Tom\u00e1s Castillo, presidente de la Plataforma de Organizaciones de Pacientes, este acuerdo \u201ces un importante paso para los pacientes, sobre todo, teniendo en cuenta el escenario de futuro hacia el que caminamos en el que el paciente formado ser\u00e1 responsable de su propia salud y de su tratamiento\u201d. Adem\u00e1s, Castillo, quiso subrayar que \u201cla transparencia y la independencia es la base sobre la que se firma este acuerdo\u201d en las relaciones entre la Plataforma y Farmaindustria.<\/p>\n<p class=\"MsoNormal\">\u201cEste convenio -a\u00f1ade\u00a0Antoni Esteve, Presidente de Farmaindustria- es ejemplo de c\u00f3mo la industria farmac\u00e9utica ha decidido reforzar y transparentar su relaci\u00f3n con los pacientes y sus representantes para, de un lado, conocer mejor a las personas y las necesidades y poder as\u00ed responder mejor a todo ello y, de otro, apoyarles para que su voz sea cada vez m\u00e1s consistente y escuchada por laboratorios, profesionales y gestores y contribuir as\u00ed a impulsar el sistema sanitario espa\u00f1ol\u201d.<\/p>\n<p class=\"MsoNormal\">El convenio se prorrogar\u00e1 autom\u00e1ticamente cada a\u00f1o, salvo expresa renuncia de cualquiera de las partes, que adem\u00e1s velar\u00e1n para que en todas las actividades que se desarrollen al amparo del texto suscrito se asegure la m\u00e1s estricta observancia del C\u00f3digo de Buenas Pr\u00e1cticas de la Industria Farmac\u00e9utica.<\/p>\n<p class=\"MsoNormal\"><a href=\"http:\/\/www.plataformadepacientes.org\/wp-content\/uploads\/2016\/03\/20160803-Convenio-Marco-Colaboraci%C3%B3n-Plataforma-y-Farmaindustria-copia.pdf\" rel=\"nofollow noopener\" target=\"_blank\">Texto del convenio.<\/a><\/p>\n<p class=\"link\">\n<div class=\"span-14 last volver\"><a href=\"index.php?pagina=noticias\">Volver<\/a><\/div>\n<\/div>","protected":false},"excerpt":{"rendered":"<p>Pacientes y Farmaindustria colaborar\u00e1n por&#8230;<\/p>","protected":false},"author":1,"featured_media":10712,"comment_status":"closed","ping_status":"closed","sticky":false,"template":"","format":"standard","meta":{"_acf_changed":false,"footnotes":""},"categories":[8],"tags":[],"class_list":{"0":"post-2005","1":"post","2":"type-post","3":"status-publish","4":"format-standard","5":"has-post-thumbnail","7":"category-federacion"},"acf":[],"_links":{"self":[{"href":"https:\/\/fibrosisquistica.org\/en\/wp-json\/wp\/v2\/posts\/2005","targetHints":{"allow":["GET"]}}],"collection":[{"href":"https:\/\/fibrosisquistica.org\/en\/wp-json\/wp\/v2\/posts"}],"about":[{"href":"https:\/\/fibrosisquistica.org\/en\/wp-json\/wp\/v2\/types\/post"}],"author":[{"embeddable":true,"href":"https:\/\/fibrosisquistica.org\/en\/wp-json\/wp\/v2\/users\/1"}],"replies":[{"embeddable":true,"href":"https:\/\/fibrosisquistica.org\/en\/wp-json\/wp\/v2\/comments?post=2005"}],"version-history":[{"count":0,"href":"https:\/\/fibrosisquistica.org\/en\/wp-json\/wp\/v2\/posts\/2005\/revisions"}],"wp:featuredmedia":[{"embeddable":true,"href":"https:\/\/fibrosisquistica.org\/en\/wp-json\/wp\/v2\/media\/10712"}],"wp:attachment":[{"href":"https:\/\/fibrosisquistica.org\/en\/wp-json\/wp\/v2\/media?parent=2005"}],"wp:term":[{"taxonomy":"category","embeddable":true,"href":"https:\/\/fibrosisquistica.org\/en\/wp-json\/wp\/v2\/categories?post=2005"},{"taxonomy":"post_tag","embeddable":true,"href":"https:\/\/fibrosisquistica.org\/en\/wp-json\/wp\/v2\/tags?post=2005"}],"curies":[{"name":"wp","href":"https:\/\/api.w.org\/{rel}","templated":true}]}}