{"id":2114,"date":"2016-06-17T10:53:47","date_gmt":"2016-06-17T10:53:47","guid":{"rendered":"http:\/\/nueva.fefq.es\/?p=2114"},"modified":"2021-04-07T11:02:20","modified_gmt":"2021-04-07T11:02:20","slug":"agendas-escolares-solidarias-con-la-fibrosis-quistica","status":"publish","type":"post","link":"https:\/\/fibrosisquistica.org\/en\/agendas-escolares-solidarias-con-la-fibrosis-quistica\/","title":{"rendered":"Agendas escolares solidarias con la Fibrosis Qu\u00edstica"},"content":{"rendered":"<p>Un a\u00f1o m\u00e1s, la Federaci\u00f3n Espa\u00f1ola de Fibrosis Qu\u00edstica apone las agendas escolares solidarias a disposici\u00f3n de los coles de primaria. Estas agendas tienen un precio de 5 euros y el cole las puede personalizar poniendo su logo en la portada y utilizando un par de hojas en el interior para escribir sus normas, las actividades del AMPA o lo que considere.<\/p>\n<p>Si un cole pidiese m\u00e1s de 100 agendas se les rebajar\u00e1 el precio a 4,15 euros. Por supuesto tambi\u00e9n se pueden pedir para uso individual.<\/p>\n<p>Con la compra de esas agendas est\u00e1is ayudando a que se hagan actividades para que los ni\u00f1os y ni\u00f1as con Fibrosis Qu\u00edstica puedan ir al cole, jugar, divertirse\u2026 RESPIRAR.<\/p>\n<p>Quedan 15 agendas. Todav\u00eda est\u00e1is a tiempo de solicitarlas.<\/p>\n<p>Para m\u00e1s informaci\u00f3n: fqtsocial@fibrosis.org.<\/p>","protected":false},"excerpt":{"rendered":"<p>Un a\u00f1o m\u00e1s, la Federaci\u00f3n&#8230;<\/p>","protected":false},"author":22,"featured_media":10634,"comment_status":"closed","ping_status":"closed","sticky":false,"template":"","format":"standard","meta":{"_acf_changed":false,"footnotes":""},"categories":[8],"tags":[],"class_list":{"0":"post-2114","1":"post","2":"type-post","3":"status-publish","4":"format-standard","5":"has-post-thumbnail","7":"category-federacion"},"acf":[],"_links":{"self":[{"href":"https:\/\/fibrosisquistica.org\/en\/wp-json\/wp\/v2\/posts\/2114","targetHints":{"allow":["GET"]}}],"collection":[{"href":"https:\/\/fibrosisquistica.org\/en\/wp-json\/wp\/v2\/posts"}],"about":[{"href":"https:\/\/fibrosisquistica.org\/en\/wp-json\/wp\/v2\/types\/post"}],"author":[{"embeddable":true,"href":"https:\/\/fibrosisquistica.org\/en\/wp-json\/wp\/v2\/users\/22"}],"replies":[{"embeddable":true,"href":"https:\/\/fibrosisquistica.org\/en\/wp-json\/wp\/v2\/comments?post=2114"}],"version-history":[{"count":0,"href":"https:\/\/fibrosisquistica.org\/en\/wp-json\/wp\/v2\/posts\/2114\/revisions"}],"wp:featuredmedia":[{"embeddable":true,"href":"https:\/\/fibrosisquistica.org\/en\/wp-json\/wp\/v2\/media\/10634"}],"wp:attachment":[{"href":"https:\/\/fibrosisquistica.org\/en\/wp-json\/wp\/v2\/media?parent=2114"}],"wp:term":[{"taxonomy":"category","embeddable":true,"href":"https:\/\/fibrosisquistica.org\/en\/wp-json\/wp\/v2\/categories?post=2114"},{"taxonomy":"post_tag","embeddable":true,"href":"https:\/\/fibrosisquistica.org\/en\/wp-json\/wp\/v2\/tags?post=2114"}],"curies":[{"name":"wp","href":"https:\/\/api.w.org\/{rel}","templated":true}]}}