{"id":2144,"date":"2016-06-21T08:48:27","date_gmt":"2016-06-21T08:48:27","guid":{"rendered":"http:\/\/nueva.fefq.es\/?p=2144"},"modified":"2021-04-07T11:02:11","modified_gmt":"2021-04-07T11:02:11","slug":"la-federacion-emitira-en-directo-por-internet-su-v-congreso-que-se-celebra-este-fin-de-semana","status":"publish","type":"post","link":"https:\/\/fibrosisquistica.org\/en\/la-federacion-emitira-en-directo-por-internet-su-v-congreso-que-se-celebra-este-fin-de-semana\/","title":{"rendered":"La Federaci\u00f3n emitir\u00e1 en directo por Internet su V Congreso que se celebra este fin de semana"},"content":{"rendered":"<p>Los d\u00edas 25 y 26 de junio de 2016 se celebra en Sevilla el V Congreso de Federaci\u00f3n Espa\u00f1ola de Fibrosis Qu\u00edstica, dirigido principalmente a las personas con FQ y sus familias.<\/p>\n<p>El objetivo de este congreso, que se celebra cada dos a\u00f1os, es dar a conocer las \u00faltimas novedades relacionadas con la enfermedad. Pod\u00e9is consultar el <strong>programa completo<\/strong> del congreso aqu\u00ed:\u00a0<a href=\"http:\/\/nueva.fefq.es\/wp-content\/uploads\/2016\/06\/Triptico-V-Congreso-para-web.pdf\" rel=\"nofollow noopener\" target=\"_blank\">Tr\u00edptico V Congreso<\/a><\/p>\n<p>Para las personas que no quieran o no puedan asistir al congreso, la Federaci\u00f3n lo emitir\u00e1 en directo por Internet y podr\u00e1 seguirse a trav\u00e9s de los siguientes enlaces:<\/p>\n<p><strong>S\u00e1bado 25 de junio de 2016<br \/>\n<\/strong><br \/>\n<iframe loading=\"lazy\" src=\"https:\/\/www.youtube.com\/embed\/JQzxH2l4wHs\" width=\"560\" height=\"315\" frameborder=\"0\" allowfullscreen=\"allowfullscreen\"><\/iframe><\/p>\n<p><strong>Domingo 26 de junio de 2026<br \/>\n<\/strong><br \/>\n<iframe loading=\"lazy\" src=\"https:\/\/www.youtube.com\/embed\/DdIOxAglWGo\" width=\"560\" height=\"315\" frameborder=\"0\" allowfullscreen=\"allowfullscreen\"><\/iframe><\/p>\n<p>La Federaci\u00f3n tambi\u00e9n realizar\u00e1 un seguimiento en tiempo real del congreso a trav\u00e9s de sus <strong>redes sociales<\/strong> (<a href=\"https:\/\/www.facebook.com\/Federaci%C3%B3n-Espa%C3%B1ola-de-Fibrosis-Qu%C3%ADstica-104808012942980\/timeline\/\" rel=\"nofollow noopener\" target=\"_blank\">Facebook<\/a> y <a href=\"https:\/\/twitter.com\/FEFQ_CFspain\" rel=\"nofollow noopener\" target=\"_blank\">Twitter<\/a>) comentando lo m\u00e1s destacado de cada ponencia.<\/p>","protected":false},"excerpt":{"rendered":"<p>Los d\u00edas 25 y 26&#8230;<\/p>","protected":false},"author":22,"featured_media":10637,"comment_status":"closed","ping_status":"closed","sticky":false,"template":"","format":"standard","meta":{"_acf_changed":false,"footnotes":""},"categories":[8],"tags":[],"class_list":{"0":"post-2144","1":"post","2":"type-post","3":"status-publish","4":"format-standard","5":"has-post-thumbnail","7":"category-federacion"},"acf":[],"_links":{"self":[{"href":"https:\/\/fibrosisquistica.org\/en\/wp-json\/wp\/v2\/posts\/2144","targetHints":{"allow":["GET"]}}],"collection":[{"href":"https:\/\/fibrosisquistica.org\/en\/wp-json\/wp\/v2\/posts"}],"about":[{"href":"https:\/\/fibrosisquistica.org\/en\/wp-json\/wp\/v2\/types\/post"}],"author":[{"embeddable":true,"href":"https:\/\/fibrosisquistica.org\/en\/wp-json\/wp\/v2\/users\/22"}],"replies":[{"embeddable":true,"href":"https:\/\/fibrosisquistica.org\/en\/wp-json\/wp\/v2\/comments?post=2144"}],"version-history":[{"count":0,"href":"https:\/\/fibrosisquistica.org\/en\/wp-json\/wp\/v2\/posts\/2144\/revisions"}],"wp:featuredmedia":[{"embeddable":true,"href":"https:\/\/fibrosisquistica.org\/en\/wp-json\/wp\/v2\/media\/10637"}],"wp:attachment":[{"href":"https:\/\/fibrosisquistica.org\/en\/wp-json\/wp\/v2\/media?parent=2144"}],"wp:term":[{"taxonomy":"category","embeddable":true,"href":"https:\/\/fibrosisquistica.org\/en\/wp-json\/wp\/v2\/categories?post=2144"},{"taxonomy":"post_tag","embeddable":true,"href":"https:\/\/fibrosisquistica.org\/en\/wp-json\/wp\/v2\/tags?post=2144"}],"curies":[{"name":"wp","href":"https:\/\/api.w.org\/{rel}","templated":true}]}}