{"id":2149,"date":"2016-06-22T12:04:03","date_gmt":"2016-06-22T12:04:03","guid":{"rendered":"http:\/\/nueva.fefq.es\/?p=2149"},"modified":"2021-04-07T11:02:10","modified_gmt":"2021-04-07T11:02:10","slug":"los-pacientes-quieren-ser-protagonistas-de-la-proxima-legislatura","status":"publish","type":"post","link":"https:\/\/fibrosisquistica.org\/en\/los-pacientes-quieren-ser-protagonistas-de-la-proxima-legislatura\/","title":{"rendered":"Los pacientes quieren ser protagonistas  de la pr\u00f3xima legislatura"},"content":{"rendered":"<p>La Plataforma de Organizaciones de Pacientes (POP) recuerda que la <strong>Sanidad<\/strong> deber\u00eda ser uno de los ejes clave de la pr\u00f3xima legislatura y que los pacientes se proponen ser protagonistas de la toma de decisiones que les afectan. De cara a los pr\u00f3ximos comicios este 26 de junio, la POP recuerda su defensa de un Sistema Nacional de Salud p\u00fablico, universal, de acceso gratuito (no gratis, pues se paga con nuestros impuestos), de calidad y equitativo.<\/p>\n<p>A la vista de los resultados del <a href=\"http:\/\/www.escronicos.com\/es\/\" rel=\"nofollow noopener\" target=\"_blank\"><strong>Bar\u00f3metro EsCr\u00f3nicos 2016<\/strong><\/a> (encuesta a pacientes cr\u00f3nicos sobre la calidad de la atenci\u00f3n sanitaria), el SNS deber\u00eda tener una <strong>\u00fanica Cartera de Servicios<\/strong> y Prestaciones, atender de forma urgente el problema de las <strong>listas de espera<\/strong> y amortiguar los efectos de los recortes vividos en los \u00faltimos a\u00f1os (mejorar las plantillas, las inversiones&#8230;), entre otras cosas, avanzando para que la Sanidad <strong>reciba un 7% del PIB<\/strong> y revisando el Real Decreto 16\/2012, de 20 de abril.<\/p>\n<p>Las propuestas de la Plataforma de Organizaciones de Pacientes (entregadas a todos los partidos pol\u00edticos en el anterior proceso electoral y a los grupos parlamentarios), se centran en la necesidad de reconocer al movimiento asociativo de pacientes como interlocutor en la definici\u00f3n y desarrollo de las pol\u00edticas sanitarias.<\/p>\n<p>Las propuestas de los pacientes se centran en la necesidad de:<\/p>\n<ul>\n<li>Una <strong>Ley de Protecci\u00f3n de la Situaci\u00f3n de Cronicidad<\/strong>, de la misma envergadura a las actuales leyes de Dependencia y Discapacidad;<\/li>\n<li><strong>Un Plan de Estado para el acceso a la innovaci\u00f3n y a los medicamentos de \u00faltima generaci\u00f3n <\/strong>que garantice a los pacientes que siempre tendr\u00e1n el mejor tratamiento posible sin depender del presupuesto de su CCAA o del Ministerio de Sanidad.<\/li>\n<li>Acabar con la <strong>desigual atenci\u00f3n sanitaria<\/strong> entre las distintas CCAA mediante una Cartera Com\u00fan de Servicios que garantice igual trato para la misma enfermedad, y recuperar el derecho a <strong>que todo paciente sea tratado por igual<\/strong> en cualquier punto del pa\u00eds donde se encuentre, as\u00ed como la dispensaci\u00f3n de medicamentos en todo el territorio nacional sin distinguir la CCAA de origen.<\/li>\n<li>Articular los mecanismos y normativas para que los pacientes sean <strong>actores reales de la toma de decisiones de sanidad<\/strong> en todos los niveles: nacional, auton\u00f3micos, local y en centros de salud y hospitales.<\/li>\n<\/ul>\n<p>La POP reitera su compromiso para colaborar en un verdadero <strong>Pacto de Estado en Defensa de la Sanidad<\/strong> que trascienda los gobiernos y d\u00e9 estabilidad y coherencia a la pol\u00edtica sanitaria en este pa\u00eds.<\/p>\n<p><strong>LOS PACIENTES EN LOS PROGRAMAS ELECTORALES <\/strong><\/p>\n<p>El Programa electoral en sanidad del PARTIDO POPULAR es id\u00e9ntico al presentado en las elecciones del 20 de diciembre y en consecuencia mantiene la referencia a un <em>Acuerdo Marco con las asociaciones de pacientes<\/em> y a un <em>Estatuto de regule la condici\u00f3n de persona enferma cr\u00f3nica<\/em>.<\/p>\n<p>CIUDADANOS mantiene b\u00e1sicamente sus propuestas en sanidad respecto al programa que present\u00f3 en diciembre. No obstante, han desaparecido algunas cuestiones pol\u00e9micas como los copagos o las referencias a la sanidad privada. Defienden aumentar la inversi\u00f3n p\u00fablica y privada en I+D; y restablecer la universalidad. Hacen referencia a los pacientes cr\u00f3nicos y dependientes (atenci\u00f3n domiciliaria), impulsar la prevenci\u00f3n y desarrollar una Ley para la Muerte Digna.<\/p>\n<p>UNIDOS PODEMOS mantiene las medidas que figuraban en su anterior programa electoral e incluye una inyecci\u00f3n econ\u00f3mica en sanidad de 8.000 millones de euros para recuperar los niveles presupuestarios de 2012. Proponen universalizar la asistencia sanitaria; la desaparici\u00f3n de MUFACE; fortalecer el car\u00e1cter y la gesti\u00f3n p\u00fablica de la sanidad y apoyar la equidad entre Comunidades Aut\u00f3nomas. Tambi\u00e9n incluyen desarrollar una Ley para la Libre Disposici\u00f3n de la Propia Vida y una Ley Cel\u00edaca.<\/p>\n<p>El PSOE ha presentado en este periodo electoral un programa donde se concretan diez compromisos para una sanidad p\u00fablica para todos. Defiende una atenci\u00f3n integral de la salud y un acceso universal a una sanidad de calidad; preservar la sostenibilidad econ\u00f3mica y social del Sistema de Salud y una \u00fanica Cartera Com\u00fan de Servicios. Tambi\u00e9n la atenci\u00f3n a pacientes que precisen atenci\u00f3n espec\u00edfica; atenci\u00f3n a enfermedades poco conocidas o raras y la participaci\u00f3n corresponsable en la gobernanza\u00a0 del sistema de ciudadanos y ciudadanas.<\/p>","protected":false},"excerpt":{"rendered":"<p>La Plataforma de Organizaciones de&#8230;<\/p>","protected":false},"author":22,"featured_media":10638,"comment_status":"closed","ping_status":"closed","sticky":false,"template":"","format":"standard","meta":{"_acf_changed":false,"footnotes":""},"categories":[8],"tags":[],"class_list":{"0":"post-2149","1":"post","2":"type-post","3":"status-publish","4":"format-standard","5":"has-post-thumbnail","7":"category-federacion"},"acf":[],"_links":{"self":[{"href":"https:\/\/fibrosisquistica.org\/en\/wp-json\/wp\/v2\/posts\/2149","targetHints":{"allow":["GET"]}}],"collection":[{"href":"https:\/\/fibrosisquistica.org\/en\/wp-json\/wp\/v2\/posts"}],"about":[{"href":"https:\/\/fibrosisquistica.org\/en\/wp-json\/wp\/v2\/types\/post"}],"author":[{"embeddable":true,"href":"https:\/\/fibrosisquistica.org\/en\/wp-json\/wp\/v2\/users\/22"}],"replies":[{"embeddable":true,"href":"https:\/\/fibrosisquistica.org\/en\/wp-json\/wp\/v2\/comments?post=2149"}],"version-history":[{"count":0,"href":"https:\/\/fibrosisquistica.org\/en\/wp-json\/wp\/v2\/posts\/2149\/revisions"}],"wp:featuredmedia":[{"embeddable":true,"href":"https:\/\/fibrosisquistica.org\/en\/wp-json\/wp\/v2\/media\/10638"}],"wp:attachment":[{"href":"https:\/\/fibrosisquistica.org\/en\/wp-json\/wp\/v2\/media?parent=2149"}],"wp:term":[{"taxonomy":"category","embeddable":true,"href":"https:\/\/fibrosisquistica.org\/en\/wp-json\/wp\/v2\/categories?post=2149"},{"taxonomy":"post_tag","embeddable":true,"href":"https:\/\/fibrosisquistica.org\/en\/wp-json\/wp\/v2\/tags?post=2149"}],"curies":[{"name":"wp","href":"https:\/\/api.w.org\/{rel}","templated":true}]}}