{"id":2153,"date":"2016-06-27T10:17:46","date_gmt":"2016-06-27T10:17:46","guid":{"rendered":"http:\/\/nueva.fefq.es\/?p=2153"},"modified":"2021-04-07T11:02:08","modified_gmt":"2021-04-07T11:02:08","slug":"ya-podeis-ver-la-conferencia-de-clausura-del-v-congreso-de-la-fefq-por-el-dr-daniel-schidlow","status":"publish","type":"post","link":"https:\/\/fibrosisquistica.org\/en\/ya-podeis-ver-la-conferencia-de-clausura-del-v-congreso-de-la-fefq-por-el-dr-daniel-schidlow\/","title":{"rendered":"Ya pod\u00e9is ver la conferencia de clausura del V Congreso de la FEFQ por el Dr. Daniel Schidlow"},"content":{"rendered":"<p>Ya est\u00e1 disponible en v\u00eddeo la conferencia de clausura del V Congreso de la Federaci\u00f3n Espa\u00f1ola de Fibrosis Qu\u00edstica, celebrado los d\u00edas 25 y 26 de junio de 2016 en Sevilla. Dicha conferencia, impartida por el Dr. Daniel Schidlow lleva por t\u00edtulo \u00abUna nueva vida con Fibrosis Qu\u00edstica\u00bb.<\/p>\n<p>El Dr. Schidlow es vicepresidente senior de Asuntos M\u00e9dicos de la Universidad de Medicina de Drexel (Philadelphia).<\/p>\n[youtube_video] 7yhcAiFFTn4 [\/youtube_video]","protected":false},"excerpt":{"rendered":"<p>Ya est\u00e1 disponible en v\u00eddeo&#8230;<\/p>","protected":false},"author":22,"featured_media":10639,"comment_status":"closed","ping_status":"closed","sticky":false,"template":"","format":"standard","meta":{"_acf_changed":false,"footnotes":""},"categories":[8],"tags":[],"class_list":{"0":"post-2153","1":"post","2":"type-post","3":"status-publish","4":"format-standard","5":"has-post-thumbnail","7":"category-federacion"},"acf":[],"_links":{"self":[{"href":"https:\/\/fibrosisquistica.org\/en\/wp-json\/wp\/v2\/posts\/2153","targetHints":{"allow":["GET"]}}],"collection":[{"href":"https:\/\/fibrosisquistica.org\/en\/wp-json\/wp\/v2\/posts"}],"about":[{"href":"https:\/\/fibrosisquistica.org\/en\/wp-json\/wp\/v2\/types\/post"}],"author":[{"embeddable":true,"href":"https:\/\/fibrosisquistica.org\/en\/wp-json\/wp\/v2\/users\/22"}],"replies":[{"embeddable":true,"href":"https:\/\/fibrosisquistica.org\/en\/wp-json\/wp\/v2\/comments?post=2153"}],"version-history":[{"count":0,"href":"https:\/\/fibrosisquistica.org\/en\/wp-json\/wp\/v2\/posts\/2153\/revisions"}],"wp:featuredmedia":[{"embeddable":true,"href":"https:\/\/fibrosisquistica.org\/en\/wp-json\/wp\/v2\/media\/10639"}],"wp:attachment":[{"href":"https:\/\/fibrosisquistica.org\/en\/wp-json\/wp\/v2\/media?parent=2153"}],"wp:term":[{"taxonomy":"category","embeddable":true,"href":"https:\/\/fibrosisquistica.org\/en\/wp-json\/wp\/v2\/categories?post=2153"},{"taxonomy":"post_tag","embeddable":true,"href":"https:\/\/fibrosisquistica.org\/en\/wp-json\/wp\/v2\/tags?post=2153"}],"curies":[{"name":"wp","href":"https:\/\/api.w.org\/{rel}","templated":true}]}}