{"id":2278,"date":"2016-08-29T09:16:08","date_gmt":"2016-08-29T09:16:08","guid":{"rendered":"http:\/\/nueva.fefq.es\/?p=2278"},"modified":"2021-04-07T10:42:20","modified_gmt":"2021-04-07T10:42:20","slug":"emotivo-final-del-v-camino-de-santiago-para-personas-con-fibrosis-quistica","status":"publish","type":"post","link":"https:\/\/fibrosisquistica.org\/en\/emotivo-final-del-v-camino-de-santiago-para-personas-con-fibrosis-quistica\/","title":{"rendered":"Emotivo final del V Camino de Santiago para personas con Fibrosis Qu\u00edstica"},"content":{"rendered":"<p>La semana del 22 al 28 de agosto tuvo lugar el V Camino de Santiago para personas con Fibrosis Qu\u00edstica y familiares, una actividad de deporte y convivencia organizada por la Federaci\u00f3n Espa\u00f1ola de Fibrosis Qu\u00edstica, en la que han participado <strong>25 personas.<\/strong><\/p>\n<p>Es la quinta vez que la Federaci\u00f3n organiza este Camino de Santiago, debido al \u00e9xito que tiene la actividad entre los participantes, que cada a\u00f1o valoran la experiencia de forma muy positiva. La idea de esta actividad surgi\u00f3 como una terapia alternativa en el tratamiento de la Fibrosis Qu\u00edstica, ya que el deporte siempre ha sido una importante ayuda para sobrellevar la enfermedad y como una oportunidad para compartir experiencias entre personas con Fibrosis Qu\u00edstica y familiares.<\/p>\n<p>El peregrinaje comenz\u00f3 el martes d\u00eda 22 en Muxia y const\u00f3 de seis etapas, con paradas en las localidades de Pradis, Cee, Ponte Olveira, A Pena, Alto do Ventos y, finalmente, Santiago de Compostela, donde los participantes recibieron la Compostela y pudieron asistir a la misa del peregrino en la Catedral de Santiago. El grupo, que realiz\u00f3 una media de <strong>23 kil\u00f3metros diarios<\/strong>, ha estado asistido en todo momento por un fisioterapeuta y un autob\u00fas de apoyo.<\/p>\n<p>Ayer domingo, 28 de agosto, tuvo lugar la llegada del grupo de peregrinos a Santiago de Compostela, portando una pancarta en la que <strong>reclamaban la aprobaci\u00f3n en Espa\u00f1a del medicamento Orkambi<\/strong>, un innovador tratamiento que frena los s\u00edntomas de la enfermedad en las personas con FQ para las que est\u00e1 indicado. Adem\u00e1s, a la llegada les recibieron varios miembros de la Asociaci\u00f3n Gallega de FQ, que les felicitaron por todo el esfuerzo realizado durante el Camino y por la constancia y sacrificio demostrados en cada etapa.<\/p>\n<p>Este quinto peregrinaje de la Federaci\u00f3n Espa\u00f1ola de FQ a Santiago ha sido todo un \u00e9xito. Todos los participantes, tanto las personas con FQ como sus familiares, se han mostrado enormemente emocionados por el logro conseguido, as\u00ed como por el compa\u00f1erismo, la convivencia y el intercambio de experiencias vividos durante toda la semana.<\/p>\n<p><a href=\"http:\/\/nueva.fefq.es\/wp-content\/uploads\/2016\/08\/14100397_1440870612606539_2186338174919464930_n.jpg\" rel=\"attachment wp-att-2280 nofollow noopener\" target=\"_blank\"><img loading=\"lazy\" decoding=\"async\" class=\"aligncenter wp-image-2280 size-medium\" src=\"http:\/\/nueva.fefq.es\/wp-content\/uploads\/2016\/08\/14100397_1440870612606539_2186338174919464930_n-223x300.jpg\" alt=\"14100397_1440870612606539_2186338174919464930_n\" width=\"223\" height=\"300\" title=\"\"><\/a><\/p>","protected":false},"excerpt":{"rendered":"<p>La semana del 22 al&#8230;<\/p>","protected":false},"author":22,"featured_media":10610,"comment_status":"closed","ping_status":"closed","sticky":false,"template":"","format":"standard","meta":{"_acf_changed":false,"footnotes":""},"categories":[8],"tags":[],"class_list":{"0":"post-2278","1":"post","2":"type-post","3":"status-publish","4":"format-standard","5":"has-post-thumbnail","7":"category-federacion"},"acf":[],"_links":{"self":[{"href":"https:\/\/fibrosisquistica.org\/en\/wp-json\/wp\/v2\/posts\/2278","targetHints":{"allow":["GET"]}}],"collection":[{"href":"https:\/\/fibrosisquistica.org\/en\/wp-json\/wp\/v2\/posts"}],"about":[{"href":"https:\/\/fibrosisquistica.org\/en\/wp-json\/wp\/v2\/types\/post"}],"author":[{"embeddable":true,"href":"https:\/\/fibrosisquistica.org\/en\/wp-json\/wp\/v2\/users\/22"}],"replies":[{"embeddable":true,"href":"https:\/\/fibrosisquistica.org\/en\/wp-json\/wp\/v2\/comments?post=2278"}],"version-history":[{"count":0,"href":"https:\/\/fibrosisquistica.org\/en\/wp-json\/wp\/v2\/posts\/2278\/revisions"}],"wp:featuredmedia":[{"embeddable":true,"href":"https:\/\/fibrosisquistica.org\/en\/wp-json\/wp\/v2\/media\/10610"}],"wp:attachment":[{"href":"https:\/\/fibrosisquistica.org\/en\/wp-json\/wp\/v2\/media?parent=2278"}],"wp:term":[{"taxonomy":"category","embeddable":true,"href":"https:\/\/fibrosisquistica.org\/en\/wp-json\/wp\/v2\/categories?post=2278"},{"taxonomy":"post_tag","embeddable":true,"href":"https:\/\/fibrosisquistica.org\/en\/wp-json\/wp\/v2\/tags?post=2278"}],"curies":[{"name":"wp","href":"https:\/\/api.w.org\/{rel}","templated":true}]}}