{"id":2288,"date":"2016-08-31T14:26:13","date_gmt":"2016-08-31T14:26:13","guid":{"rendered":"http:\/\/nueva.fefq.es\/?p=2288"},"modified":"2021-04-07T10:42:16","modified_gmt":"2021-04-07T10:42:16","slug":"la-asociacion-gallega-de-fibrosis-quistica-celebrara-el-dia-mundial-de-la-fq-en-baiona","status":"publish","type":"post","link":"https:\/\/fibrosisquistica.org\/en\/la-asociacion-gallega-de-fibrosis-quistica-celebrara-el-dia-mundial-de-la-fq-en-baiona\/","title":{"rendered":"La Asociaci\u00f3n Gallega de Fibrosis Qu\u00edstica celebrar\u00e1 el D\u00eda Mundial de la FQ en Baiona"},"content":{"rendered":"<p>La Asociaci\u00f3n Gallega de Fibrosis Qu\u00edstica realizar\u00e1 el pr\u00f3ximo domingo 4 de septiembre numerosas actividades en la Plaza del Ayuntamiento de Baiona con motivo del D\u00eda Mundial de la Fibrosis Qu\u00edstica (8 de septiembre).<\/p>\n<p>Por la ma\u00f1ana se fomentar\u00e1 la pr\u00e1ctica del deporte, pilar importante y fundamental en la Fibrosis Qu\u00edstica, con una Andaina y con una Carrera de Orientaci\u00f3n de la mano del Club Cornelios. Las inscripciones ser\u00e1n con car\u00e1cter solidario y se realizar\u00e1n 30 minutos antes del inicio. Durante la entrega de premios (13:30) se realizar\u00e1 un sorteo de regalos para aquellos que colaboren adquiriendo una rifa solidaria en el stand de la asociaci\u00f3n.<\/p>\n<p>Por la tarde habr\u00e1\u00a0actividades para los m\u00e1s peque\u00f1os, magia con la Maga Valeria Varitas y masterclass de Zumba con Toni y Sa\u00fal. A las 20:00 se realizar\u00e1\u00a0otro sorteo de regalos para aquellos que colaboren adquiriendo una rifa solidaria en el stand de la asociaci\u00f3n. Y como broche final \u00abGalicia en Danza\u00bb realizar\u00e1 una actuaci\u00f3n en la plaza del ayuntamiento.<\/p>\n<p>#8septiembrediamundialfq<\/p>\n<p>#mifuturoYAesposible<\/p>\n<p>#pompasporlafibrosisquistica<\/p>\n<p>#pasalaSAL<\/p>\n<p>#orkambiYA<\/p>","protected":false},"excerpt":{"rendered":"<p>La Asociaci\u00f3n Gallega de Fibrosis&#8230;<\/p>","protected":false},"author":22,"featured_media":10612,"comment_status":"closed","ping_status":"closed","sticky":false,"template":"","format":"standard","meta":{"_acf_changed":false,"footnotes":""},"categories":[8],"tags":[],"class_list":{"0":"post-2288","1":"post","2":"type-post","3":"status-publish","4":"format-standard","5":"has-post-thumbnail","7":"category-federacion"},"acf":[],"_links":{"self":[{"href":"https:\/\/fibrosisquistica.org\/en\/wp-json\/wp\/v2\/posts\/2288","targetHints":{"allow":["GET"]}}],"collection":[{"href":"https:\/\/fibrosisquistica.org\/en\/wp-json\/wp\/v2\/posts"}],"about":[{"href":"https:\/\/fibrosisquistica.org\/en\/wp-json\/wp\/v2\/types\/post"}],"author":[{"embeddable":true,"href":"https:\/\/fibrosisquistica.org\/en\/wp-json\/wp\/v2\/users\/22"}],"replies":[{"embeddable":true,"href":"https:\/\/fibrosisquistica.org\/en\/wp-json\/wp\/v2\/comments?post=2288"}],"version-history":[{"count":0,"href":"https:\/\/fibrosisquistica.org\/en\/wp-json\/wp\/v2\/posts\/2288\/revisions"}],"wp:featuredmedia":[{"embeddable":true,"href":"https:\/\/fibrosisquistica.org\/en\/wp-json\/wp\/v2\/media\/10612"}],"wp:attachment":[{"href":"https:\/\/fibrosisquistica.org\/en\/wp-json\/wp\/v2\/media?parent=2288"}],"wp:term":[{"taxonomy":"category","embeddable":true,"href":"https:\/\/fibrosisquistica.org\/en\/wp-json\/wp\/v2\/categories?post=2288"},{"taxonomy":"post_tag","embeddable":true,"href":"https:\/\/fibrosisquistica.org\/en\/wp-json\/wp\/v2\/tags?post=2288"}],"curies":[{"name":"wp","href":"https:\/\/api.w.org\/{rel}","templated":true}]}}