{"id":2343,"date":"2016-09-06T10:27:54","date_gmt":"2016-09-06T10:27:54","guid":{"rendered":"http:\/\/nueva.fefq.es\/?p=2343"},"modified":"2021-04-07T10:38:46","modified_gmt":"2021-04-07T10:38:46","slug":"paiporta-acogera-un-nuevo-valencia-street-tennis-el-domingo-18-de-septiembre","status":"publish","type":"post","link":"https:\/\/fibrosisquistica.org\/en\/paiporta-acogera-un-nuevo-valencia-street-tennis-el-domingo-18-de-septiembre\/","title":{"rendered":"Paiporta acoger\u00e1 un nuevo \u2019Valencia Street Tennis\u2019 el domingo 18 de septiembre"},"content":{"rendered":"<p>El \u2018Valencia Street Tennis\u2019 ha anunciado una nueva cita para este a\u00f1o 2016, y ser\u00e1\u00a0<strong>el pr\u00f3ximo domingo 18 de septiembre en la Plaza Mayor de Paiporta de 10:30h a 13:00h.\u00a0<\/strong><\/p>\n<p>La Fundaci\u00f3n Juan Carlos Ferrero, en colaboraci\u00f3n con la Fundaci\u00f3n Deporte Joven, es la encargada de organizar este evento que tiene como prop\u00f3sito acercar el tenis a los ni\u00f1os y ni\u00f1as entre 4 y 16 a\u00f1os. Esta modalidad de tenis en la calle tiene como objetivo principal promover el tenis entre los m\u00e1s peque\u00f1os, as\u00ed como tambi\u00e9n fomentar un estilo de vida saludable y la pr\u00e1ctica del ejercicio f\u00edsico, siempre unido a la educaci\u00f3n en valores.<\/p>\n<p>El \u2018Valencia Street Tennis\u2019 es m\u00e1s que deporte. Se trata de un ciclo que lleva el tenis a la calle para que nadie se quede sin tenis. Es por ese motivo que las inscripciones son gratuitas, para evitar que ning\u00fan ni\u00f1o ni ni\u00f1a se pierda el evento.<\/p>\n<p>Adem\u00e1s colaboran con la Fibrosis Qu\u00edstica ayud\u00e1ndonos a divulgar la enfermedad en cada \u201cStreet Tennis\u201d que se celebra y convirtiendo estos eventos en elementos de gran difusi\u00f3n para la Fibrosis Qu\u00edstica.<\/p>","protected":false},"excerpt":{"rendered":"<p>El \u2018Valencia Street Tennis\u2019 ha&#8230;<\/p>","protected":false},"author":22,"featured_media":10602,"comment_status":"closed","ping_status":"closed","sticky":false,"template":"","format":"standard","meta":{"_acf_changed":false,"footnotes":""},"categories":[8],"tags":[],"class_list":{"0":"post-2343","1":"post","2":"type-post","3":"status-publish","4":"format-standard","5":"has-post-thumbnail","7":"category-federacion"},"acf":[],"_links":{"self":[{"href":"https:\/\/fibrosisquistica.org\/en\/wp-json\/wp\/v2\/posts\/2343","targetHints":{"allow":["GET"]}}],"collection":[{"href":"https:\/\/fibrosisquistica.org\/en\/wp-json\/wp\/v2\/posts"}],"about":[{"href":"https:\/\/fibrosisquistica.org\/en\/wp-json\/wp\/v2\/types\/post"}],"author":[{"embeddable":true,"href":"https:\/\/fibrosisquistica.org\/en\/wp-json\/wp\/v2\/users\/22"}],"replies":[{"embeddable":true,"href":"https:\/\/fibrosisquistica.org\/en\/wp-json\/wp\/v2\/comments?post=2343"}],"version-history":[{"count":0,"href":"https:\/\/fibrosisquistica.org\/en\/wp-json\/wp\/v2\/posts\/2343\/revisions"}],"wp:featuredmedia":[{"embeddable":true,"href":"https:\/\/fibrosisquistica.org\/en\/wp-json\/wp\/v2\/media\/10602"}],"wp:attachment":[{"href":"https:\/\/fibrosisquistica.org\/en\/wp-json\/wp\/v2\/media?parent=2343"}],"wp:term":[{"taxonomy":"category","embeddable":true,"href":"https:\/\/fibrosisquistica.org\/en\/wp-json\/wp\/v2\/categories?post=2343"},{"taxonomy":"post_tag","embeddable":true,"href":"https:\/\/fibrosisquistica.org\/en\/wp-json\/wp\/v2\/tags?post=2343"}],"curies":[{"name":"wp","href":"https:\/\/api.w.org\/{rel}","templated":true}]}}