{"id":241,"date":"2015-04-08T08:17:01","date_gmt":"2015-04-08T08:17:01","guid":{"rendered":"http:\/\/nueva.fefq.es\/?p=241"},"modified":"2015-07-30T08:17:49","modified_gmt":"2015-07-30T08:17:49","slug":"se-presenta-en-madrid-este-viernes-el-libro-el-ejercicio-es-medicina-en-la-fibrosis-quistica","status":"publish","type":"post","link":"https:\/\/fibrosisquistica.org\/en\/se-presenta-en-madrid-este-viernes-el-libro-el-ejercicio-es-medicina-en-la-fibrosis-quistica\/","title":{"rendered":"Se presenta en Madrid este viernes el libro \u00abEl ejercicio es medicina en la Fibrosis Qu\u00edstica\u00bb"},"content":{"rendered":"<p><strong>La presentaci\u00f3n tendr\u00e1 lugar el 10 de abril a las 12:30 horas en la Universidad Europea de Madrid<\/strong><\/p>\n<p><strong><br \/>\nFecha<\/strong>: viernes, 10 de abril de 2015<\/p>\n<p><strong>Hora:<\/strong>\u00a012:30 horas<\/p>\n<p><strong>Lugar:<\/strong>\u00a0Universidad Europea de Madrid (C\/ Tajo s\/n. Villaviciosa de Od\u00f3n, 28670 Madrid)<\/p>\n<p><strong>Sala<\/strong>: Auditorio A (Edificio A)<br \/>\nEl pr\u00f3ximo\u00a0<strong>viernes 10 de abril<\/strong>, en el marco de la celebraci\u00f3n del\u00a0<strong>D\u00eda Nacional de la Fibrosis Qu\u00edstica<\/strong>, que se celebra el 22 de abril (cuarto mi\u00e9rcoles de abril), la Federaci\u00f3n Espa\u00f1ola de Fibrosis Qu\u00edstica, con la colaboraci\u00f3n de la Universidad Europea de Madrid,\u00a0<strong>presenta el libro \u201cEl ejercicio es medicina en la Fibrosis Qu\u00edstica\u201d.<\/strong><\/p>\n<p>El acto contar\u00e1 con la participaci\u00f3n de\u00a0<strong>Tom\u00e1s Castillo<\/strong>, presidente de la Federaci\u00f3n Espa\u00f1ola de FQ;\u00a0<strong>Jes\u00fas Clemente<\/strong>, joven con Fibrosis Qu\u00edstica y vicepresidente de la FEFQ;\u00a0<strong>Sergio Calvo<\/strong>,\u00a0director de la Escuela de Doctorado e Investigaci\u00f3n de la Universidad Europea de Madrid;\u00a0la\u00a0<strong>Dra. Margarita P\u00e9rez<\/strong>, coordinadora del libro,\u00a0doctora en Medicina y Especialista en Medicina de la Ed. F\u00edsica y el Deporte; y\u00a0<strong>Breixo Castro<\/strong>, joven con Fibrosis Qu\u00edstica y narrador de una experiencia en el libro.<\/p>\n<p>Esta gu\u00eda ha sido dise\u00f1ada para proporcionar informaci\u00f3n a los ni\u00f1os, j\u00f3venes y adultos con FQ y a los profesionales que trabajan con ellos, sobre la importancia de la actividad f\u00edsica para este sector de la poblaci\u00f3n y sobre c\u00f3mo se puede promover de manera eficaz la actividad f\u00edsica en presencia de esta patolog\u00eda.<\/p>","protected":false},"excerpt":{"rendered":"<p>La presentaci\u00f3n tendr\u00e1 lugar el&#8230;<\/p>","protected":false},"author":22,"featured_media":0,"comment_status":"closed","ping_status":"closed","sticky":false,"template":"","format":"standard","meta":{"_acf_changed":false,"footnotes":""},"categories":[8],"tags":[],"class_list":{"0":"post-241","1":"post","2":"type-post","3":"status-publish","4":"format-standard","6":"category-federacion"},"acf":[],"_links":{"self":[{"href":"https:\/\/fibrosisquistica.org\/en\/wp-json\/wp\/v2\/posts\/241","targetHints":{"allow":["GET"]}}],"collection":[{"href":"https:\/\/fibrosisquistica.org\/en\/wp-json\/wp\/v2\/posts"}],"about":[{"href":"https:\/\/fibrosisquistica.org\/en\/wp-json\/wp\/v2\/types\/post"}],"author":[{"embeddable":true,"href":"https:\/\/fibrosisquistica.org\/en\/wp-json\/wp\/v2\/users\/22"}],"replies":[{"embeddable":true,"href":"https:\/\/fibrosisquistica.org\/en\/wp-json\/wp\/v2\/comments?post=241"}],"version-history":[{"count":0,"href":"https:\/\/fibrosisquistica.org\/en\/wp-json\/wp\/v2\/posts\/241\/revisions"}],"wp:attachment":[{"href":"https:\/\/fibrosisquistica.org\/en\/wp-json\/wp\/v2\/media?parent=241"}],"wp:term":[{"taxonomy":"category","embeddable":true,"href":"https:\/\/fibrosisquistica.org\/en\/wp-json\/wp\/v2\/categories?post=241"},{"taxonomy":"post_tag","embeddable":true,"href":"https:\/\/fibrosisquistica.org\/en\/wp-json\/wp\/v2\/tags?post=241"}],"curies":[{"name":"wp","href":"https:\/\/api.w.org\/{rel}","templated":true}]}}