{"id":2774,"date":"2016-11-04T08:42:56","date_gmt":"2016-11-04T08:42:56","guid":{"rendered":"http:\/\/nueva.fefq.es\/?p=2774"},"modified":"2021-04-07T10:23:20","modified_gmt":"2021-04-07T10:23:20","slug":"hoy-se-presenta-la-iii-edicion-del-10k-de-foios-por-la-fibrosis-quistica","status":"publish","type":"post","link":"https:\/\/fibrosisquistica.org\/en\/hoy-se-presenta-la-iii-edicion-del-10k-de-foios-por-la-fibrosis-quistica\/","title":{"rendered":"Hoy se presenta la III edici\u00f3n del 10K de Foios por la Fibrosis Qu\u00edstica"},"content":{"rendered":"<p>La empresa Geiser Events, en colaboraci\u00f3n con el Ayuntamiento de Foios y el Club de Atletismo Gent de Foios, est\u00e1 organizando un a\u00f1o m\u00e1s la carrera solidaria <strong>10K de Foios por la Fibrosis Qu\u00edstica<\/strong>, donde todo lo recaudado ir\u00e1 destinado a la Federaci\u00f3n Espa\u00f1ola de Fibrosis Qu\u00edstica y la Asociaci\u00f3n de FQ de la Comunidad Valenciana.<\/p>\n<p>Esta tarde\u00a0tendr\u00e1 lugar a las 19:30 horas la presentaci\u00f3n oficial de la carrera en el Ayuntamiento de Foios, encabezada por la Concejala de Deporte del Ayuntamiento, Mari Carmen Cabo; y con la participaci\u00f3n de Blanca Ruiz, presidenta de la Federaci\u00f3n Espa\u00f1ola de FQ; Rafael Carri\u00f3n, representante de la Asociaci\u00f3n de FQ de la Comunidad Valenciana; Kike Pardo Sinoga, presidente del Club de Atletismo Gent de Foios; Jos\u00e9 Enrique Mu\u00f1oz Acu\u00f1a, director de Geiser Events; y el deportista Luis F\u00e9lix Mart\u00ednez G\u00f3mez, que ser\u00e1 el \u201cPadrino de Honor\u201d de la carrera.<\/p>\n<p>Pod\u00e9is seguir en directo la presentaci\u00f3n de la carrera desde aqu\u00ed:<\/p>\n[youtube_video] OV5YRrLoj-E [\/youtube_video]\n<p>Este tercer 10K de Foios por la Fibrosis Qu\u00edstica\u00a0se celebrar\u00e1 el d\u00eda <strong>4 de diciembre<\/strong> a las <strong>10:00 horas<\/strong> en la localidad valenciana de <strong>Foios<\/strong>. El precio de la inscripci\u00f3n para la carrera es de <strong>8 euros<\/strong> y se puede realizar a trav\u00e9s de las webs <a href=\"http:\/\/www.10kfoiosfq.es\/\" rel=\"nofollow noopener\" target=\"_blank\">www.10kfoiosfq.es<\/a>\u00a0y\u00a0<a href=\"http:\/\/www.geiserevents.com\/\" rel=\"nofollow noopener\" target=\"_blank\">www.geiserevents.com<\/a>.<\/p>\n<p>Desde la Federaci\u00f3n Espa\u00f1ola de FQ esperamos poder repetir el \u00e9xito de a\u00f1os anteriores, donde contamos con m\u00e1s de 2000 participantes. Adem\u00e1s, todas las personas interesadas en colaborar como voluntarias durante la carrera pueden hacerlo rellenando <a href=\"https:\/\/docs.google.com\/forms\/d\/1diEYW3CG8wQ9MpThAJWYBTrKmbHCYWnmvNOSp837nFo\/viewform?ts=5652d878&amp;edit_requested=true\" rel=\"nofollow noopener\" target=\"_blank\">este formulario<\/a> y se les obsequiar\u00e1 con una camiseta.<\/p>","protected":false},"excerpt":{"rendered":"<p>La empresa Geiser Events, en&#8230;<\/p>","protected":false},"author":22,"featured_media":10565,"comment_status":"closed","ping_status":"closed","sticky":false,"template":"","format":"standard","meta":{"_acf_changed":false,"footnotes":""},"categories":[8],"tags":[],"class_list":{"0":"post-2774","1":"post","2":"type-post","3":"status-publish","4":"format-standard","5":"has-post-thumbnail","7":"category-federacion"},"acf":[],"_links":{"self":[{"href":"https:\/\/fibrosisquistica.org\/en\/wp-json\/wp\/v2\/posts\/2774","targetHints":{"allow":["GET"]}}],"collection":[{"href":"https:\/\/fibrosisquistica.org\/en\/wp-json\/wp\/v2\/posts"}],"about":[{"href":"https:\/\/fibrosisquistica.org\/en\/wp-json\/wp\/v2\/types\/post"}],"author":[{"embeddable":true,"href":"https:\/\/fibrosisquistica.org\/en\/wp-json\/wp\/v2\/users\/22"}],"replies":[{"embeddable":true,"href":"https:\/\/fibrosisquistica.org\/en\/wp-json\/wp\/v2\/comments?post=2774"}],"version-history":[{"count":0,"href":"https:\/\/fibrosisquistica.org\/en\/wp-json\/wp\/v2\/posts\/2774\/revisions"}],"wp:featuredmedia":[{"embeddable":true,"href":"https:\/\/fibrosisquistica.org\/en\/wp-json\/wp\/v2\/media\/10565"}],"wp:attachment":[{"href":"https:\/\/fibrosisquistica.org\/en\/wp-json\/wp\/v2\/media?parent=2774"}],"wp:term":[{"taxonomy":"category","embeddable":true,"href":"https:\/\/fibrosisquistica.org\/en\/wp-json\/wp\/v2\/categories?post=2774"},{"taxonomy":"post_tag","embeddable":true,"href":"https:\/\/fibrosisquistica.org\/en\/wp-json\/wp\/v2\/tags?post=2774"}],"curies":[{"name":"wp","href":"https:\/\/api.w.org\/{rel}","templated":true}]}}