{"id":2790,"date":"2016-12-01T09:20:30","date_gmt":"2016-12-01T09:20:30","guid":{"rendered":"http:\/\/nueva.fefq.es\/?p=2790"},"modified":"2021-04-07T10:13:33","modified_gmt":"2021-04-07T10:13:33","slug":"se-prepara-el-proximo-street-tennis-en-la-playa-del-arenal-de-javea","status":"publish","type":"post","link":"https:\/\/fibrosisquistica.org\/en\/se-prepara-el-proximo-street-tennis-en-la-playa-del-arenal-de-javea\/","title":{"rendered":"Este domingo tendr\u00e1 lugar un Street Tennis en la Playa del Arenal de J\u00e1vea"},"content":{"rendered":"<p>Desde la Fundaci\u00f3n Juan Carlos Ferrero han decidido apostar por un tenis de todos y para todos, por lo que llevan a cabo el proyecto \u201cStreet Tennis\u201d, conocido tambi\u00e9n como \u201cTenis a la calle\u201d. En colaboraci\u00f3n con el Ayuntamiento de J\u00e1vea, el Club de Tenis de la misma poblaci\u00f3n, la Fundaci\u00f3n Deporte Joven del Consejo Superior de Deportes y la Federaci\u00f3n Espa\u00f1ola de Fibrosis Qu\u00edstica, organizan en J\u00e1vea un Street Tennis dirigido a todos los ni\u00f1os y ni\u00f1as de la localidad y alrededores.<\/p>\n<p>El evento se celebrar\u00e1 por la ma\u00f1ana del\u00a0domingo 4 de diciembre\u00a0en la m\u00edtica\u00a0playa del Arenal de J\u00e1vea, de 10:00 a 12:00h. Los participantes ser\u00e1n ni\u00f1os y ni\u00f1as con edades entre los 4 y los 16 a\u00f1os. En esta actividad solidaria se sortear\u00e1n numerosos regalos entre los participantes.<\/p>\n<p>El director del \u2018Valencia Street Tennis\u2019, Juan Olivert ha declarado: \u201cEste a\u00f1o seguimos apostando por este gran proyecto y el tenis en la calle se va extendiendo a muchas ciudades, para que cada vez sean m\u00e1s los ni\u00f1os y ni\u00f1as que puedan disfrutar de grandes jornadas de tenis\u201d. Olivert apunta adem\u00e1s que \u201cpoder hacerlo en J\u00e1vea y con el apoyo de la academia Ferrer y de la Fundaci\u00f3n Juan Carlos Ferrero garantiza el \u00e9xito con el \u00fanico fin de atender a los ni\u00f1os y ense\u00f1ar el aprendizaje y afici\u00f3n de este gran deporte a los m\u00e1s peque\u00f1os, que son el futuro\u201d, ha a\u00f1adido.<\/p>\n<p>Adem\u00e1s con este proyecto colabora con la Fibrosis Qu\u00edstica ayud\u00e1ndonos a divulgar la enfermedad en cada \u201cStreet Tennis\u201d que se celebra y convirtiendo estos eventos en elementos de gran difusi\u00f3n para la Fibrosis Qu\u00edstica.<\/p>","protected":false},"excerpt":{"rendered":"<p>Desde la Fundaci\u00f3n Juan Carlos&#8230;<\/p>","protected":false},"author":22,"featured_media":10545,"comment_status":"closed","ping_status":"closed","sticky":false,"template":"","format":"standard","meta":{"_acf_changed":false,"footnotes":""},"categories":[8],"tags":[],"class_list":{"0":"post-2790","1":"post","2":"type-post","3":"status-publish","4":"format-standard","5":"has-post-thumbnail","7":"category-federacion"},"acf":[],"_links":{"self":[{"href":"https:\/\/fibrosisquistica.org\/en\/wp-json\/wp\/v2\/posts\/2790","targetHints":{"allow":["GET"]}}],"collection":[{"href":"https:\/\/fibrosisquistica.org\/en\/wp-json\/wp\/v2\/posts"}],"about":[{"href":"https:\/\/fibrosisquistica.org\/en\/wp-json\/wp\/v2\/types\/post"}],"author":[{"embeddable":true,"href":"https:\/\/fibrosisquistica.org\/en\/wp-json\/wp\/v2\/users\/22"}],"replies":[{"embeddable":true,"href":"https:\/\/fibrosisquistica.org\/en\/wp-json\/wp\/v2\/comments?post=2790"}],"version-history":[{"count":0,"href":"https:\/\/fibrosisquistica.org\/en\/wp-json\/wp\/v2\/posts\/2790\/revisions"}],"wp:featuredmedia":[{"embeddable":true,"href":"https:\/\/fibrosisquistica.org\/en\/wp-json\/wp\/v2\/media\/10545"}],"wp:attachment":[{"href":"https:\/\/fibrosisquistica.org\/en\/wp-json\/wp\/v2\/media?parent=2790"}],"wp:term":[{"taxonomy":"category","embeddable":true,"href":"https:\/\/fibrosisquistica.org\/en\/wp-json\/wp\/v2\/categories?post=2790"},{"taxonomy":"post_tag","embeddable":true,"href":"https:\/\/fibrosisquistica.org\/en\/wp-json\/wp\/v2\/tags?post=2790"}],"curies":[{"name":"wp","href":"https:\/\/api.w.org\/{rel}","templated":true}]}}