{"id":2800,"date":"2016-11-10T09:14:00","date_gmt":"2016-11-10T09:14:00","guid":{"rendered":"http:\/\/nueva.fefq.es\/?p=2800"},"modified":"2021-04-07T10:23:13","modified_gmt":"2021-04-07T10:23:13","slug":"capacityformacion-lanza-las-ultimas-convocatorias-del-ano-de-sus-cursos-e-learning","status":"publish","type":"post","link":"https:\/\/fibrosisquistica.org\/en\/capacityformacion-lanza-las-ultimas-convocatorias-del-ano-de-sus-cursos-e-learning\/","title":{"rendered":"CapacityFormaci\u00f3n lanza las \u00faltimas convocatorias del a\u00f1o de sus cursos e-Learning"},"content":{"rendered":"<p><a href=\"http:\/\/www.capacityformacion.es\/\" rel=\"nofollow noopener\" target=\"_blank\">CapacityFormaci\u00f3n<\/a>, la plataforma e-Learning impulsada por <a href=\"https:\/\/www.cocemfeasturias.es\/\" rel=\"nofollow noopener\" target=\"_blank\">COCEMFE Asturias<\/a> y su CEE <a href=\"https:\/\/www.grupoiniciativas.es\/\" rel=\"nofollow noopener\" target=\"_blank\">Grupo Iniciativas<\/a>, que cuenta con la cofinanciaci\u00f3n de la Fundaci\u00f3n ONCE, acaba de anunciar el lanzamiento de las \u00faltimas convocatorias del a\u00f1o de su oferta formativa.<\/p>\n<p>Os detallamos a continuaci\u00f3n, las fechas de comienzo y cursos disponibles:<\/p>\n<p><strong><u>21 de noviembre<\/u><\/strong><\/p>\n<ul>\n<li><a href=\"http:\/\/www.capacityformacion.es\/matricula\/get-resource\/posicionamiento-natural-buscadores.html\" rel=\"nofollow noopener\" target=\"_blank\">Posicionamiento Natural en Buscadores<\/a><\/li>\n<li><a href=\"http:\/\/www.capacityformacion.es\/matricula\/get-resource\/competencias-transversales-emprendedor.html\" rel=\"nofollow noopener\" target=\"_blank\">Competencias Transversales del Emprendedor<\/a><\/li>\n<li><a href=\"http:\/\/www.capacityformacion.es\/matricula\/get-resource\/paquete-office-outlook-basico.html\" rel=\"nofollow noopener\" target=\"_blank\">Paquete Office: Outlook B\u00e1sico<\/a><\/li>\n<li><a href=\"http:\/\/www.capacityformacion.es\/matricula\/get-resource\/paquete-office-word-basico.html\" rel=\"nofollow noopener\" target=\"_blank\">Paquete Office: Word B\u00e1sico<\/a><\/li>\n<li><a href=\"http:\/\/www.capacityformacion.es\/matricula\/get-resource\/paquete-office-excel-basico.html\" rel=\"nofollow noopener\" target=\"_blank\">Paquete Office: Excel B\u00e1sico<\/a><\/li>\n<li><a href=\"http:\/\/www.capacityformacion.es\/matricula\/get-resource\/paquete-office-access-basico.html\" rel=\"nofollow noopener\" target=\"_blank\">Paquete Office: Access B\u00e1sico <\/a><\/li>\n<\/ul>\n<p><strong><u>12 de diciembre<\/u><\/strong><\/p>\n<ul>\n<li><a href=\"http:\/\/www.capacityformacion.es\/matricula\/get-resource\/desarrollo-sitios-web-utilizando-gestores-contenidos-cms-software-libre.html\" rel=\"nofollow noopener\" target=\"_blank\">Desarrollo de Sitios Web con CMS de Software Libre<\/a><\/li>\n<li><a href=\"http:\/\/www.capacityformacion.es\/matricula\/get-resource\/desarrollo-aplicaciones-telefonos-moviles.html\" rel=\"nofollow noopener\" target=\"_blank\">Desarrollo de Aplicaciones para Tel\u00e9fonos M\u00f3viles<\/a><\/li>\n<li><a href=\"http:\/\/www.capacityformacion.es\/matricula\/get-resource\/promocion-redes-sociales-community-manager.html\" rel=\"nofollow noopener\" target=\"_blank\">Promoci\u00f3n en Redes Sociales (Community Manager)<\/a><\/li>\n<li><a href=\"http:\/\/www.capacityformacion.es\/matricula\/get-resource\/diseno-aplicado-web-photoshop.html\" rel=\"nofollow noopener\" target=\"_blank\">Dise\u00f1o Adaptado a la Web con Photoshop<\/a><\/li>\n<\/ul>\n<p>&nbsp;<\/p>\n<p>Todos se ofrecen bajo la modalidad de formaci\u00f3n <strong>e-Learning<\/strong>, por lo que los alumnos podr\u00e1n establecer sus horarios y ritmo de trabajo. La carga lectiva var\u00eda entre las 35 y las 50 horas y las convocatorias tendr\u00e1n una duraci\u00f3n de entre 3 y 5 semanas con el fin de seguir el temario c\u00f3modamente. Obviamente, al tratarse de formaci\u00f3n e-Learning el requisito fundamental es disponer de un ordenador personal con conexi\u00f3n a Internet.<\/p>\n<p>Y no olvid\u00e9is que la matr\u00edcula es <strong>gratuita para personas con discapacidad<\/strong>, simplemente deber\u00e9is aportar vuestro certificado de discapacidad o documento acreditativo similar durante la matriculaci\u00f3n al curso de vuestro inter\u00e9s.<\/p>\n<p>Toda la informaci\u00f3n en <a href=\"http:\/\/www.capacityformacion.es\/\" rel=\"nofollow noopener\" target=\"_blank\">www.capacityformacion.es<\/a><\/p>\n<p>Desc\u00e1rgate aqu\u00ed el\u00a0<a href=\"http:\/\/nueva.fefq.es\/wp-content\/uploads\/2016\/11\/Diptico_CAPACITY_Noviembre.pdf\" rel=\"nofollow noopener\" target=\"_blank\">d\u00edptico informativo de CapacityFormaci\u00f3n<\/a><\/p>","protected":false},"excerpt":{"rendered":"<p>CapacityFormaci\u00f3n, la plataforma e-Learning impulsada&#8230;<\/p>","protected":false},"author":22,"featured_media":10568,"comment_status":"closed","ping_status":"closed","sticky":false,"template":"","format":"standard","meta":{"_acf_changed":false,"footnotes":""},"categories":[8],"tags":[],"class_list":{"0":"post-2800","1":"post","2":"type-post","3":"status-publish","4":"format-standard","5":"has-post-thumbnail","7":"category-federacion"},"acf":[],"_links":{"self":[{"href":"https:\/\/fibrosisquistica.org\/en\/wp-json\/wp\/v2\/posts\/2800","targetHints":{"allow":["GET"]}}],"collection":[{"href":"https:\/\/fibrosisquistica.org\/en\/wp-json\/wp\/v2\/posts"}],"about":[{"href":"https:\/\/fibrosisquistica.org\/en\/wp-json\/wp\/v2\/types\/post"}],"author":[{"embeddable":true,"href":"https:\/\/fibrosisquistica.org\/en\/wp-json\/wp\/v2\/users\/22"}],"replies":[{"embeddable":true,"href":"https:\/\/fibrosisquistica.org\/en\/wp-json\/wp\/v2\/comments?post=2800"}],"version-history":[{"count":0,"href":"https:\/\/fibrosisquistica.org\/en\/wp-json\/wp\/v2\/posts\/2800\/revisions"}],"wp:featuredmedia":[{"embeddable":true,"href":"https:\/\/fibrosisquistica.org\/en\/wp-json\/wp\/v2\/media\/10568"}],"wp:attachment":[{"href":"https:\/\/fibrosisquistica.org\/en\/wp-json\/wp\/v2\/media?parent=2800"}],"wp:term":[{"taxonomy":"category","embeddable":true,"href":"https:\/\/fibrosisquistica.org\/en\/wp-json\/wp\/v2\/categories?post=2800"},{"taxonomy":"post_tag","embeddable":true,"href":"https:\/\/fibrosisquistica.org\/en\/wp-json\/wp\/v2\/tags?post=2800"}],"curies":[{"name":"wp","href":"https:\/\/api.w.org\/{rel}","templated":true}]}}