{"id":2924,"date":"2016-12-20T13:08:05","date_gmt":"2016-12-20T13:08:05","guid":{"rendered":"http:\/\/nueva.fefq.es\/?p=2924"},"modified":"2021-07-07T08:17:16","modified_gmt":"2021-07-07T08:17:16","slug":"un-instituto-de-ibi-alicante-organiza-esta-semana-un-mercadillo-solidario-a-favor-de-la-fq","status":"publish","type":"post","link":"https:\/\/fibrosisquistica.org\/en\/un-instituto-de-ibi-alicante-organiza-esta-semana-un-mercadillo-solidario-a-favor-de-la-fq\/","title":{"rendered":"Un instituto de Ibi (Alicante) organiza esta semana un mercadillo solidario a favor de la FQ"},"content":{"rendered":"<p>El IES Fray Ignacio Barrachina de Ibi (Alicante) celebra, desde hoy hasta el pr\u00f3ximo jueves 22 de diciembre, un mercadillo solidario a favor de la Fibrosis Qu\u00edstica donde la recaudaci\u00f3n ser\u00e1 \u00edntegramente donada a la Federaci\u00f3n Espa\u00f1ola de Fibrosis Qu\u00edstica.<\/p>\n<p>Es una iniciativa de la tutora de tercero de la ESO M junto a los alumnos que se han volcado en su preparaci\u00f3n, organizaci\u00f3n y recogida de art\u00edculos para su venta.<\/p>\n<p>Desde aqu\u00ed queremos dar las gracias a todos los profesores que han participado activamente llevando art\u00edculos a este mercadillo por la FQ as\u00ed como a todos los alumnos.<\/p>\n<p><a href=\"http:\/\/nueva.fefq.es\/wp-content\/uploads\/2016\/12\/IMG-20161220-WA0017.jpg\" rel=\"attachment wp-att-2925 nofollow noopener\" target=\"_blank\"><img loading=\"lazy\" decoding=\"async\" class=\"alignnone size-medium wp-image-2925\" src=\"http:\/\/nueva.fefq.es\/wp-content\/uploads\/2016\/12\/IMG-20161220-WA0017-300x169.jpg\" alt=\"img-20161220-wa0017\" width=\"300\" height=\"169\" title=\"\"><\/a><\/p>\n<p><a href=\"http:\/\/nueva.fefq.es\/wp-content\/uploads\/2016\/12\/IMG-20161220-WA0013.jpg\" rel=\"attachment wp-att-2926 nofollow noopener\" target=\"_blank\"><img loading=\"lazy\" decoding=\"async\" class=\"alignnone size-medium wp-image-2926\" src=\"http:\/\/nueva.fefq.es\/wp-content\/uploads\/2016\/12\/IMG-20161220-WA0013-169x300.jpg\" alt=\"img-20161220-wa0013\" width=\"169\" height=\"300\" title=\"\"><\/a><\/p>","protected":false},"excerpt":{"rendered":"<p>El IES Fray Ignacio Barrachina&#8230;<\/p>","protected":false},"author":22,"featured_media":10558,"comment_status":"closed","ping_status":"closed","sticky":false,"template":"","format":"standard","meta":{"_acf_changed":false,"footnotes":""},"categories":[8,77],"tags":[],"class_list":{"0":"post-2924","1":"post","2":"type-post","3":"status-publish","4":"format-standard","5":"has-post-thumbnail","7":"category-federacion","8":"category-sensibilizacion"},"acf":[],"_links":{"self":[{"href":"https:\/\/fibrosisquistica.org\/en\/wp-json\/wp\/v2\/posts\/2924","targetHints":{"allow":["GET"]}}],"collection":[{"href":"https:\/\/fibrosisquistica.org\/en\/wp-json\/wp\/v2\/posts"}],"about":[{"href":"https:\/\/fibrosisquistica.org\/en\/wp-json\/wp\/v2\/types\/post"}],"author":[{"embeddable":true,"href":"https:\/\/fibrosisquistica.org\/en\/wp-json\/wp\/v2\/users\/22"}],"replies":[{"embeddable":true,"href":"https:\/\/fibrosisquistica.org\/en\/wp-json\/wp\/v2\/comments?post=2924"}],"version-history":[{"count":1,"href":"https:\/\/fibrosisquistica.org\/en\/wp-json\/wp\/v2\/posts\/2924\/revisions"}],"predecessor-version":[{"id":11992,"href":"https:\/\/fibrosisquistica.org\/en\/wp-json\/wp\/v2\/posts\/2924\/revisions\/11992"}],"wp:featuredmedia":[{"embeddable":true,"href":"https:\/\/fibrosisquistica.org\/en\/wp-json\/wp\/v2\/media\/10558"}],"wp:attachment":[{"href":"https:\/\/fibrosisquistica.org\/en\/wp-json\/wp\/v2\/media?parent=2924"}],"wp:term":[{"taxonomy":"category","embeddable":true,"href":"https:\/\/fibrosisquistica.org\/en\/wp-json\/wp\/v2\/categories?post=2924"},{"taxonomy":"post_tag","embeddable":true,"href":"https:\/\/fibrosisquistica.org\/en\/wp-json\/wp\/v2\/tags?post=2924"}],"curies":[{"name":"wp","href":"https:\/\/api.w.org\/{rel}","templated":true}]}}