{"id":3054,"date":"2017-01-26T10:43:05","date_gmt":"2017-01-26T10:43:05","guid":{"rendered":"http:\/\/nueva.fefq.es\/?p=3054"},"modified":"2021-07-07T08:10:47","modified_gmt":"2021-07-07T08:10:47","slug":"el-proximo-2-de-febrero-se-presenta-en-madrid-el-documental-respira-sobre-fibrosis-quistica","status":"publish","type":"post","link":"https:\/\/fibrosisquistica.org\/en\/el-proximo-2-de-febrero-se-presenta-en-madrid-el-documental-respira-sobre-fibrosis-quistica\/","title":{"rendered":"El pr\u00f3ximo 2 de febrero se presenta en Madrid el documental \u201cRespira\u201d sobre Fibrosis Qu\u00edstica"},"content":{"rendered":"<p><strong>El pr\u00f3ximo 2 de febrero a las 17 horas, la Cineteca del Matadero de Madrid (Plaza de Legazpi, 8, 28045. Madrid)<\/strong> <strong>realizar\u00e1 una proyecci\u00f3n abierta al p\u00fablico del documental \u201cRespira\u201d sobre Fibrosis Qu\u00edstica (FQ), con una charla posterior en la que participar\u00e1n el creador de Bee Able Project, David Cano, los cantantes Rapsusklei, Morodo, Fyahbwoy y Locus, as\u00ed como los representantes de la Federaci\u00f3n Espa\u00f1ola de FQ y de la Asociaci\u00f3n de FQ de la Comunidad Valenciana, Fernando Moreno y Yasmina Costa.<\/strong><\/p>\n<p>Bee Able Project es una plataforma creada por un grupo de artistas y profesionales de diferentes disciplinas para ayudar a asociaciones con fines sociales. En este caso se han comprometido con las personas con Fibrosis Qu\u00edstica para ayudarles a divulgar su enfermedad y reclamar la aprobaci\u00f3n del f\u00e1rmaco Orkambi, un tratamiento frenar\u00eda el progreso de la enfermedad en las personas para las que est\u00e1 indicado.<\/p>\n<p>Acompa\u00f1ados de la voz en off de Teresa, una joven con Fibrosis Qu\u00edstica, el documental <strong>\u201cRespira\u201d<\/strong> recoge los testimonios de varios pacientes, sus alegr\u00edas e incertidumbres, su d\u00eda a d\u00eda, y la importancia de que se apruebe cuanto antes el medicamento Orkambi en Espa\u00f1a. Para ello, Bee Able Proyect ha contado con la participaci\u00f3n de la Asociaci\u00f3n de Fibrosis Qu\u00edstica de la Comunidad Valenciana y tambi\u00e9n con la colaboraci\u00f3n de reconocidos cantantes de hip hop como Rapsusklei, Sharif, Green Valley, Morodo, Fyahbwoy y Locus, que han querido dar voz a los pacientes y hacerse eco de sus reivindicaciones. Adem\u00e1s, junto a Bee Able Proyect, han creado una colecci\u00f3n limitada de productos solidarios (camisetas, tazas y sudaderas) que se pondr\u00e1 a la venta el d\u00eda de estreno del documental. Por su parte, los cantantes Rapsusklei y Ander, de Green Valley, han grabado el tema \u201cCanci\u00f3n a la esperanza\u201d, que han cedido para el documental y cuyas descargas en su web ir\u00e1n a beneficio de la Federaci\u00f3n Espa\u00f1ola de Fibrosis Qu\u00edstica.<\/p>\n<p>Si se completa el aforo, habr\u00e1 un segundo pase del documental a las 19:15 horas. En la web <a href=\"http:\/\/www.beeableproject.com\" rel=\"nofollow noopener\" target=\"_blank\">www.beeableproject.com<\/a> pod\u00e9is ver el tr\u00e1iler del documental y acceder a la tienda online con todos los productos solidarios, que estar\u00e1n a la venta hasta el d\u00eda 31 de marzo. Todos los beneficios de estos productos ir\u00e1n \u00edntegramente destinados a la Asociaci\u00f3n de Fibrosis Qu\u00edstica de la Comunidad Valenciana.<\/p>","protected":false},"excerpt":{"rendered":"<p>El pr\u00f3ximo 2 de febrero&#8230;<\/p>","protected":false},"author":22,"featured_media":10526,"comment_status":"closed","ping_status":"closed","sticky":false,"template":"","format":"standard","meta":{"_acf_changed":false,"footnotes":""},"categories":[72,8,77],"tags":[],"class_list":{"0":"post-3054","1":"post","2":"type-post","3":"status-publish","4":"format-standard","5":"has-post-thumbnail","7":"category-asociaciones","8":"category-federacion","9":"category-sensibilizacion"},"acf":[],"_links":{"self":[{"href":"https:\/\/fibrosisquistica.org\/en\/wp-json\/wp\/v2\/posts\/3054","targetHints":{"allow":["GET"]}}],"collection":[{"href":"https:\/\/fibrosisquistica.org\/en\/wp-json\/wp\/v2\/posts"}],"about":[{"href":"https:\/\/fibrosisquistica.org\/en\/wp-json\/wp\/v2\/types\/post"}],"author":[{"embeddable":true,"href":"https:\/\/fibrosisquistica.org\/en\/wp-json\/wp\/v2\/users\/22"}],"replies":[{"embeddable":true,"href":"https:\/\/fibrosisquistica.org\/en\/wp-json\/wp\/v2\/comments?post=3054"}],"version-history":[{"count":1,"href":"https:\/\/fibrosisquistica.org\/en\/wp-json\/wp\/v2\/posts\/3054\/revisions"}],"predecessor-version":[{"id":11982,"href":"https:\/\/fibrosisquistica.org\/en\/wp-json\/wp\/v2\/posts\/3054\/revisions\/11982"}],"wp:featuredmedia":[{"embeddable":true,"href":"https:\/\/fibrosisquistica.org\/en\/wp-json\/wp\/v2\/media\/10526"}],"wp:attachment":[{"href":"https:\/\/fibrosisquistica.org\/en\/wp-json\/wp\/v2\/media?parent=3054"}],"wp:term":[{"taxonomy":"category","embeddable":true,"href":"https:\/\/fibrosisquistica.org\/en\/wp-json\/wp\/v2\/categories?post=3054"},{"taxonomy":"post_tag","embeddable":true,"href":"https:\/\/fibrosisquistica.org\/en\/wp-json\/wp\/v2\/tags?post=3054"}],"curies":[{"name":"wp","href":"https:\/\/api.w.org\/{rel}","templated":true}]}}