{"id":337,"date":"2013-06-05T11:10:16","date_gmt":"2013-06-05T11:10:16","guid":{"rendered":"http:\/\/nueva.fefq.es\/?p=337"},"modified":"2016-01-14T11:10:49","modified_gmt":"2016-01-14T11:10:49","slug":"dia-nacional-del-donante-de-organos-2013","status":"publish","type":"post","link":"https:\/\/fibrosisquistica.org\/en\/dia-nacional-del-donante-de-organos-2013\/","title":{"rendered":"D\u00cdA NACIONAL DEL DONANTE DE \u00d3RGANOS 2013"},"content":{"rendered":"<p>El d\u00eda<strong> 5 de junio de 2013<\/strong> (primer mi\u00e9rcoles de junio) se celebra el <strong>D\u00eda Nacional del Donante de \u00d3rganos<\/strong><strong> y Tejidos<\/strong> en toda Espa\u00f1a. La Federaci\u00f3n Espa\u00f1ola de Fibrosis Qu\u00edstica colabora cada a\u00f1o con la Organizaci\u00f3n Nacional de Trasplantes (ONT) en la realizaci\u00f3n de este d\u00eda tan importante.<\/p>\n<p>La <strong>Fibrosis Qu\u00edstica<\/strong> es una enfermedad cr\u00f3nica de origen gen\u00e9tico que afecta a diferentes \u00f3rganos del cuerpo, sobre todo pulmones y p\u00e1ncreas, ocasionando una patolog\u00eda grave de tipo evolutivo. Hoy d\u00eda la Fibrosis Qu\u00edstica no tiene curaci\u00f3n. Cuando la enfermedad provoca efectos muy graves e irreversibles existe la posibilidad del <strong>trasplante pulmonar y\/o hep\u00e1tico<\/strong>. Gracias a la <strong>ONT<\/strong>, Espa\u00f1a se ha convertido en un modelo de referencia para muchos pa\u00edses, al ser el pa\u00eds con mayor \u00edndice de donaci\u00f3n de \u00f3rganos, y por tanto de trasplantes, en todo el mundo. En 2012, y a pesar de la crisis, Espa\u00f1a ha mantenido su liderazgo en materia de donaci\u00f3n y trasplantes, con 4.211 intervenciones realizadas a partir de 1.643 donantes. A\u00fan as\u00ed, estas donaciones contin\u00faan siendo insuficientes.<\/p>\n<p>En la actualidad, miles de personas necesitan un trasplante de \u00f3rganos para seguir viviendo o mejorar su calidad de vida. Entre ellas, muchas personas con Fibrosis Qu\u00edstica. Por este motivo la Federaci\u00f3n, con la colaboraci\u00f3n de la ONT, <strong>fomenta cada a\u00f1o la donaci\u00f3n de \u00f3rganos<\/strong> y quiere dar las gracias a los donantes a trav\u00e9s de un v\u00eddeo, en el que varias personas con Fibrosis Qu\u00edstica, algunas de ellas trasplantadas de pulm\u00f3n, explican su enfermedad y <strong>agradecen a todos los donantes su enorme generosidad <\/strong>dando la vida a otras personas. El v\u00eddeo se puede ver en el siguiente enlace: <a href=\"http:\/\/youtu.be\/qqzCRO9fUTg\" rel=\"nofollow noopener\" target=\"_blank\">http:\/\/youtu.be\/qqzCRO9fUTg<\/a><\/p>\n<p>El fin perseguido con la celebraci\u00f3n del D\u00eda Nacional del Donante de \u00d3rganos, con el que la Federaci\u00f3n est\u00e1 plenamente comprometida, es que <strong>contin\u00faen aumentando las donaciones de \u00f3rganos<\/strong><strong>, <\/strong>tan necesarias para que muchas personas puedan seguir viviendo, ya que <strong>las cifras actuales no bastan para hacer frente a toda la demanda.<\/strong><\/p>\n<p style=\"text-align: center;\"><strong>\u00a0\u201cHAZTE DONANTE, REGALA VIDA\u201d<\/strong><\/p>","protected":false},"excerpt":{"rendered":"<p>El d\u00eda 5 de junio&#8230;<\/p>","protected":false},"author":22,"featured_media":0,"comment_status":"closed","ping_status":"closed","sticky":false,"template":"","format":"standard","meta":{"_acf_changed":false,"footnotes":""},"categories":[8,29],"tags":[],"class_list":{"0":"post-337","1":"post","2":"type-post","3":"status-publish","4":"format-standard","6":"category-federacion","7":"category-tratamiento"},"acf":[],"_links":{"self":[{"href":"https:\/\/fibrosisquistica.org\/en\/wp-json\/wp\/v2\/posts\/337","targetHints":{"allow":["GET"]}}],"collection":[{"href":"https:\/\/fibrosisquistica.org\/en\/wp-json\/wp\/v2\/posts"}],"about":[{"href":"https:\/\/fibrosisquistica.org\/en\/wp-json\/wp\/v2\/types\/post"}],"author":[{"embeddable":true,"href":"https:\/\/fibrosisquistica.org\/en\/wp-json\/wp\/v2\/users\/22"}],"replies":[{"embeddable":true,"href":"https:\/\/fibrosisquistica.org\/en\/wp-json\/wp\/v2\/comments?post=337"}],"version-history":[{"count":0,"href":"https:\/\/fibrosisquistica.org\/en\/wp-json\/wp\/v2\/posts\/337\/revisions"}],"wp:attachment":[{"href":"https:\/\/fibrosisquistica.org\/en\/wp-json\/wp\/v2\/media?parent=337"}],"wp:term":[{"taxonomy":"category","embeddable":true,"href":"https:\/\/fibrosisquistica.org\/en\/wp-json\/wp\/v2\/categories?post=337"},{"taxonomy":"post_tag","embeddable":true,"href":"https:\/\/fibrosisquistica.org\/en\/wp-json\/wp\/v2\/tags?post=337"}],"curies":[{"name":"wp","href":"https:\/\/api.w.org\/{rel}","templated":true}]}}