{"id":3391,"date":"2017-03-30T08:22:20","date_gmt":"2017-03-30T08:22:20","guid":{"rendered":"https:\/\/fibrosisquistica.org\/?p=3391"},"modified":"2021-07-06T07:17:04","modified_gmt":"2021-07-06T07:17:04","slug":"la-asociacion-castellano-leonesa-de-fq-prepara-una-jornada-para-el-proximo-9-de-abril","status":"publish","type":"post","link":"https:\/\/fibrosisquistica.org\/en\/la-asociacion-castellano-leonesa-de-fq-prepara-una-jornada-para-el-proximo-9-de-abril\/","title":{"rendered":"La Asociaci\u00f3n Castellano Leonesa de FQ prepara una jornada para el pr\u00f3ximo 9 de abril"},"content":{"rendered":"<p>La Asociaci\u00f3n Castellano Leonesa de Fibrosis Qu\u00edstica organiza el pr\u00f3ximo 9 de abril una Jornada\u00a0 sobre Fibrosis Qu\u00edstica en el Centro Polivalente de Aldeamayor de San Mart\u00edn (Valladolid). Habr\u00e1 ponencias del Hospital de Cruces y se celebrar\u00e1 tambi\u00e9n la Asamblea General de la entidad.<\/p>\n<p>Pod\u00e9is consultar el programa de la Jornada aqu\u00ed:\u00a0<a href=\"https:\/\/fibrosisquistica.org\/wp-content\/uploads\/2017\/03\/9-de-Abril-folleto-FQ.pdf\" rel=\"\">9 de Abril folleto FQ<\/a><\/p>\n<p>El plazo m\u00e1ximo de inscripci\u00f3n termina el d\u00eda <strong>5 de abril. <\/strong><\/p>\n<p><strong>M\u00e1s informaci\u00f3n:<\/strong> <a href=\"mailto:fibrosisquisticacyl@gmail.com\">fibrosisquisticacyl@gmail.com<\/a> Telf.: 680 600 243.<\/p>","protected":false},"excerpt":{"rendered":"<p>La Asociaci\u00f3n Castellano Leonesa de&#8230;<\/p>","protected":false},"author":22,"featured_media":10503,"comment_status":"closed","ping_status":"closed","sticky":false,"template":"","format":"standard","meta":{"_acf_changed":false,"footnotes":""},"categories":[72,51],"tags":[],"class_list":{"0":"post-3391","1":"post","2":"type-post","3":"status-publish","4":"format-standard","5":"has-post-thumbnail","7":"category-asociaciones","8":"category-formacion"},"acf":[],"_links":{"self":[{"href":"https:\/\/fibrosisquistica.org\/en\/wp-json\/wp\/v2\/posts\/3391","targetHints":{"allow":["GET"]}}],"collection":[{"href":"https:\/\/fibrosisquistica.org\/en\/wp-json\/wp\/v2\/posts"}],"about":[{"href":"https:\/\/fibrosisquistica.org\/en\/wp-json\/wp\/v2\/types\/post"}],"author":[{"embeddable":true,"href":"https:\/\/fibrosisquistica.org\/en\/wp-json\/wp\/v2\/users\/22"}],"replies":[{"embeddable":true,"href":"https:\/\/fibrosisquistica.org\/en\/wp-json\/wp\/v2\/comments?post=3391"}],"version-history":[{"count":1,"href":"https:\/\/fibrosisquistica.org\/en\/wp-json\/wp\/v2\/posts\/3391\/revisions"}],"predecessor-version":[{"id":11965,"href":"https:\/\/fibrosisquistica.org\/en\/wp-json\/wp\/v2\/posts\/3391\/revisions\/11965"}],"wp:featuredmedia":[{"embeddable":true,"href":"https:\/\/fibrosisquistica.org\/en\/wp-json\/wp\/v2\/media\/10503"}],"wp:attachment":[{"href":"https:\/\/fibrosisquistica.org\/en\/wp-json\/wp\/v2\/media?parent=3391"}],"wp:term":[{"taxonomy":"category","embeddable":true,"href":"https:\/\/fibrosisquistica.org\/en\/wp-json\/wp\/v2\/categories?post=3391"},{"taxonomy":"post_tag","embeddable":true,"href":"https:\/\/fibrosisquistica.org\/en\/wp-json\/wp\/v2\/tags?post=3391"}],"curies":[{"name":"wp","href":"https:\/\/api.w.org\/{rel}","templated":true}]}}