{"id":341,"date":"2011-06-27T11:14:25","date_gmt":"2011-06-27T11:14:25","guid":{"rendered":"http:\/\/nueva.fefq.es\/?p=341"},"modified":"2016-01-14T11:10:15","modified_gmt":"2016-01-14T11:10:15","slug":"declaracion-de-la-junta-directiva-de-la-sefq-sobre-el-test-del-sudor","status":"publish","type":"post","link":"https:\/\/fibrosisquistica.org\/en\/declaracion-de-la-junta-directiva-de-la-sefq-sobre-el-test-del-sudor\/","title":{"rendered":"Declaraci\u00f3n de la Junta Directiva de la SEFQ sobre el test del sudor"},"content":{"rendered":"<h4>El test del sudor ha sido la piedra angular del diagn\u00f3stico de la Fibrosis Qu\u00edstica (FQ), desde que en 1959 se estableci\u00f3 el m\u00e9todo estandarizado, conocido a partir de entonces por sus autores como m\u00e9todo de Gibson y Cooke.<br \/>\nPese a la clonaci\u00f3n del gen de la FQ en 1989 y la identificaci\u00f3n desde entonces de mas de 1500 mutaciones, supuesta o realmente causantes de FQ, el test del sudor contin\u00faa en el centro de todos los algoritmos diagn\u00f3sticos\u00a0 tanto para pacientes identificados a partir de programas de cribado neonatal, como por sus sintomatolog\u00eda cl\u00ednica o historia familiar(1-3).<br \/>\nLa mayor\u00eda de los falsos positivos o negativos del test del sudor se deben a que \u00e9ste es realizado incorrectamente. La trascendencia para el paciente y su familia de un error en el diagn\u00f3stico es inmensa.<br \/>\nAnte la posible comercializaci\u00f3n de equipos\u00a0 de laboratorio para la realizaci\u00f3n del test del sudor mediante tecnolog\u00edas \u00abalternativas\u00bb o \u00abnovedosas\u00bb La Junta Directiva de la Sociedad Espa\u00f1ola de Fibrosis Qu\u00edstica (SEFQ) expresa su preocupaci\u00f3n acerca de que el uso de estos equipos pueda producir un incremento en los errores diagn\u00f3sticos y desea recordar que :<br \/>\n1-\u00a0 Un test del sudor aceptable para la confirmaci\u00f3n del diagn\u00f3stico, no se basa\u00a0 en el empleo de tal o cual aparato, sino en el seguimiento <strong>al pie de la letra <\/strong>de la \u00fanica metodolog\u00eda validada para el diagn\u00f3stico (1-3).<br \/>\n2-\u00a0 Esta metodolog\u00eda consiste b\u00e1sicamente en tres pasos : 1- Estimulaci\u00f3n de la sudoraci\u00f3n en el antebrazo, <strong>\u00fanicamente<\/strong> mediante iontoforesis de nitrato de pilocarpina. 2- Recogida durante 30 minutos del sudor, mediante <strong>\u00fanicamente uno de dos m\u00e9todos <\/strong>: papel de filtro o gasa prepesados seg\u00fan la descripci\u00f3n original de Gibson y Cooke. o disco c\u00f3ncavo conectado a tubo espiral de pl\u00e1stico (sistema Wescor Macroduct) .3 Determinaci\u00f3n en Laboratorio de la Concentraci\u00f3n de Cloro (no solamente medici\u00f3n in situ de la conductividad el\u00e9ctrica del sudor), mediante <strong>\u00fanicamente <\/strong>\u00abcoulometr\u00eda\u00bb o \u00abcoulombimetr\u00eda\u00bb es decir la medici\u00f3n de la concentraci\u00f3n de cloro a trav\u00e9s de la diferencia de potencial generada por la concentraci\u00f3n de cloruro que se forma por la exposici\u00f3n de un electrodo de plata a la muestra de sudor. La muestra\u00a0 debe tener como m\u00ednimo 75 mgs (m\u00e9todo de Gibson y Cooke) ,o 15 \u00b5ls (Macroduct).Para la medici\u00f3n de la concentraci\u00f3n de cloro mediante este m\u00e9todo se deben usar clorid\u00f3metros para micromuestras , que est\u00e1n disponibles comercialmente .<br \/>\nSe dispone de gu\u00edas detalladas\u00a0 para\u00a0 la realizaci\u00f3n adecuada del test del sudor (4).<br \/>\nLa Junta Directiva de la SEFQ facilitar\u00e1 la informaci\u00f3n necesaria a quien se la solicite y contestar\u00e1 con gusto posibles dudas o preguntas relacionadas con esta cuesti\u00f3n.<\/p>\n<p>En Barcelona a 27 de Junio de 2011<\/h4>","protected":false},"excerpt":{"rendered":"<p>El test del sudor ha&#8230;<\/p>","protected":false},"author":22,"featured_media":0,"comment_status":"closed","ping_status":"closed","sticky":false,"template":"","format":"standard","meta":{"_acf_changed":false,"footnotes":""},"categories":[8,29],"tags":[],"class_list":{"0":"post-341","1":"post","2":"type-post","3":"status-publish","4":"format-standard","6":"category-federacion","7":"category-tratamiento"},"acf":[],"_links":{"self":[{"href":"https:\/\/fibrosisquistica.org\/en\/wp-json\/wp\/v2\/posts\/341","targetHints":{"allow":["GET"]}}],"collection":[{"href":"https:\/\/fibrosisquistica.org\/en\/wp-json\/wp\/v2\/posts"}],"about":[{"href":"https:\/\/fibrosisquistica.org\/en\/wp-json\/wp\/v2\/types\/post"}],"author":[{"embeddable":true,"href":"https:\/\/fibrosisquistica.org\/en\/wp-json\/wp\/v2\/users\/22"}],"replies":[{"embeddable":true,"href":"https:\/\/fibrosisquistica.org\/en\/wp-json\/wp\/v2\/comments?post=341"}],"version-history":[{"count":0,"href":"https:\/\/fibrosisquistica.org\/en\/wp-json\/wp\/v2\/posts\/341\/revisions"}],"wp:attachment":[{"href":"https:\/\/fibrosisquistica.org\/en\/wp-json\/wp\/v2\/media?parent=341"}],"wp:term":[{"taxonomy":"category","embeddable":true,"href":"https:\/\/fibrosisquistica.org\/en\/wp-json\/wp\/v2\/categories?post=341"},{"taxonomy":"post_tag","embeddable":true,"href":"https:\/\/fibrosisquistica.org\/en\/wp-json\/wp\/v2\/tags?post=341"}],"curies":[{"name":"wp","href":"https:\/\/api.w.org\/{rel}","templated":true}]}}