{"id":3662,"date":"2017-05-18T07:42:41","date_gmt":"2017-05-18T07:42:41","guid":{"rendered":"https:\/\/fibrosisquistica.org\/?p=3662"},"modified":"2021-07-06T06:51:01","modified_gmt":"2021-07-06T06:51:01","slug":"la-asociacion-aragonesa-de-fq-prepara-un-taller-sobre-como-interpretar-una-espirometria","status":"publish","type":"post","link":"https:\/\/fibrosisquistica.org\/en\/la-asociacion-aragonesa-de-fq-prepara-un-taller-sobre-como-interpretar-una-espirometria\/","title":{"rendered":"La Asociaci\u00f3n Aragonesa de FQ prepara un taller sobre c\u00f3mo interpretar una espirometr\u00eda"},"content":{"rendered":"<p>La Asociaci\u00f3n Aragonesa de Fibrosis Qu\u00edstica organiza el pr\u00f3ximo d\u00eda\u00a0<strong><u>9 de junio<\/u><\/strong>, viernes, en el\u00a0<strong>Centro C\u00edvico R\u00edo Ebro<\/strong>,\u00a0<strong>Sala Gallego<\/strong>, (ubicado en la c\/Alberto Duce n\u00ba2) en horario de 18h a 19h, un taller de formaci\u00f3n para\u00a0<strong><u>saber, conocer y c\u00f3mo interpretar una espirometr\u00eda<\/u><\/strong>\u00a0en personas con Fibrosis Qu\u00edstica y patolog\u00edas respiratorias.<\/p>\n<p>El taller tiene una duraci\u00f3n de una hora y despu\u00e9s los asistentes podr\u00e1n preguntar todo lo que necesiten.<\/p>\n<p>Este taller, que ser\u00e1 impartido por Raquel Lafuente (fisioterapeuta), es muy interesante para el colectivo, ya que est\u00e1 acostumbrado a hacer dichas pruebas y as\u00ed las conocer\u00e1n con mayor profundidad.<\/p>\n<p>Si quer\u00e9is asistir, pod\u00e9is poneros en contacto con la Asociaci\u00f3n: 976 522 742.<\/p>","protected":false},"excerpt":{"rendered":"<p>La Asociaci\u00f3n Aragonesa de Fibrosis&#8230;<\/p>","protected":false},"author":22,"featured_media":10475,"comment_status":"closed","ping_status":"closed","sticky":false,"template":"","format":"standard","meta":{"_acf_changed":false,"footnotes":""},"categories":[72,51],"tags":[],"class_list":{"0":"post-3662","1":"post","2":"type-post","3":"status-publish","4":"format-standard","5":"has-post-thumbnail","7":"category-asociaciones","8":"category-formacion"},"acf":[],"_links":{"self":[{"href":"https:\/\/fibrosisquistica.org\/en\/wp-json\/wp\/v2\/posts\/3662","targetHints":{"allow":["GET"]}}],"collection":[{"href":"https:\/\/fibrosisquistica.org\/en\/wp-json\/wp\/v2\/posts"}],"about":[{"href":"https:\/\/fibrosisquistica.org\/en\/wp-json\/wp\/v2\/types\/post"}],"author":[{"embeddable":true,"href":"https:\/\/fibrosisquistica.org\/en\/wp-json\/wp\/v2\/users\/22"}],"replies":[{"embeddable":true,"href":"https:\/\/fibrosisquistica.org\/en\/wp-json\/wp\/v2\/comments?post=3662"}],"version-history":[{"count":1,"href":"https:\/\/fibrosisquistica.org\/en\/wp-json\/wp\/v2\/posts\/3662\/revisions"}],"predecessor-version":[{"id":11959,"href":"https:\/\/fibrosisquistica.org\/en\/wp-json\/wp\/v2\/posts\/3662\/revisions\/11959"}],"wp:featuredmedia":[{"embeddable":true,"href":"https:\/\/fibrosisquistica.org\/en\/wp-json\/wp\/v2\/media\/10475"}],"wp:attachment":[{"href":"https:\/\/fibrosisquistica.org\/en\/wp-json\/wp\/v2\/media?parent=3662"}],"wp:term":[{"taxonomy":"category","embeddable":true,"href":"https:\/\/fibrosisquistica.org\/en\/wp-json\/wp\/v2\/categories?post=3662"},{"taxonomy":"post_tag","embeddable":true,"href":"https:\/\/fibrosisquistica.org\/en\/wp-json\/wp\/v2\/tags?post=3662"}],"curies":[{"name":"wp","href":"https:\/\/api.w.org\/{rel}","templated":true}]}}