{"id":3665,"date":"2017-06-09T08:43:18","date_gmt":"2017-06-09T08:43:18","guid":{"rendered":"https:\/\/fibrosisquistica.org\/?p=3665"},"modified":"2021-07-06T06:32:04","modified_gmt":"2021-07-06T06:32:04","slug":"ya-estan-disponibles-las-agendas-escolares-solidarias-con-la-fibrosis-quistica","status":"publish","type":"post","link":"https:\/\/fibrosisquistica.org\/en\/ya-estan-disponibles-las-agendas-escolares-solidarias-con-la-fibrosis-quistica\/","title":{"rendered":"Ya est\u00e1n disponibles las agendas escolares solidarias con la Fibrosis Qu\u00edstica"},"content":{"rendered":"<p><strong>Un a\u00f1o m\u00e1s, la Federaci\u00f3n Espa\u00f1ola de Fibrosis Qu\u00edstica pone las agendas escolares solidarias a disposici\u00f3n de los colegios de primaria. Estas agendas tienen un precio de 5 euros y el cole las puede personalizar poniendo su logo en la portada y utilizando un par de hojas en el interior para escribir sus normas, las actividades del AMPA o lo que considere.<\/strong><\/p>\n<p>Esta agenda tiene un doble objetivo: divulgar la Fibrosis Qu\u00edstica en los colegios y conseguir captaci\u00f3n de recursos para la Federaci\u00f3n y las Asociaciones de FQ.<\/p>\n<p>Adem\u00e1s de la portada personalizada con el nombre del colegio, la agenda llevar\u00eda en el interior una hoja sobre la Federaci\u00f3n y la Fibrosis Qu\u00edstica, una hoja con la informaci\u00f3n de la Asociaci\u00f3n (en caso de que vuestra asociaci\u00f3n quisiera), y dos hojas para poner la informaci\u00f3n que desee el colegio.<\/p>\n<p>Las agendas est\u00e1n disponibles a un precio de 5 euros cada una, pero si un cole pidiese m\u00e1s de 100 agendas se les rebajar\u00e1 el precio a 4,15 euros.<\/p>\n<p>Con la compra de esas agendas est\u00e1is ayudando a que se hagan actividades para que los ni\u00f1os y ni\u00f1as con Fibrosis Qu\u00edstica puedan ir al cole, jugar, divertirse\u2026 RESPIRAR.<\/p>\n<p>Si est\u00e1is interesados en participar en esta iniciativa y dar a conocer las agendas solidarias en vuestros colegios o para vuestro uso personal, pod\u00e9is poneros en contacto con la Federaci\u00f3n (<a href=\"mailto:fqtsocial@fibrosis.org\"><strong>fqtsocial@fibrosis.org<\/strong><\/a>\u00a0\u2013 963318200).<\/p>\n<p><strong>\u00a1Haz tu pedido antes del 20 de junio!<\/strong><\/p>","protected":false},"excerpt":{"rendered":"<p>Un a\u00f1o m\u00e1s, la Federaci\u00f3n&#8230;<\/p>","protected":false},"author":22,"featured_media":10418,"comment_status":"closed","ping_status":"closed","sticky":false,"template":"","format":"standard","meta":{"_acf_changed":false,"footnotes":""},"categories":[8,77],"tags":[],"class_list":{"0":"post-3665","1":"post","2":"type-post","3":"status-publish","4":"format-standard","5":"has-post-thumbnail","7":"category-federacion","8":"category-sensibilizacion"},"acf":[],"_links":{"self":[{"href":"https:\/\/fibrosisquistica.org\/en\/wp-json\/wp\/v2\/posts\/3665","targetHints":{"allow":["GET"]}}],"collection":[{"href":"https:\/\/fibrosisquistica.org\/en\/wp-json\/wp\/v2\/posts"}],"about":[{"href":"https:\/\/fibrosisquistica.org\/en\/wp-json\/wp\/v2\/types\/post"}],"author":[{"embeddable":true,"href":"https:\/\/fibrosisquistica.org\/en\/wp-json\/wp\/v2\/users\/22"}],"replies":[{"embeddable":true,"href":"https:\/\/fibrosisquistica.org\/en\/wp-json\/wp\/v2\/comments?post=3665"}],"version-history":[{"count":1,"href":"https:\/\/fibrosisquistica.org\/en\/wp-json\/wp\/v2\/posts\/3665\/revisions"}],"predecessor-version":[{"id":11950,"href":"https:\/\/fibrosisquistica.org\/en\/wp-json\/wp\/v2\/posts\/3665\/revisions\/11950"}],"wp:featuredmedia":[{"embeddable":true,"href":"https:\/\/fibrosisquistica.org\/en\/wp-json\/wp\/v2\/media\/10418"}],"wp:attachment":[{"href":"https:\/\/fibrosisquistica.org\/en\/wp-json\/wp\/v2\/media?parent=3665"}],"wp:term":[{"taxonomy":"category","embeddable":true,"href":"https:\/\/fibrosisquistica.org\/en\/wp-json\/wp\/v2\/categories?post=3665"},{"taxonomy":"post_tag","embeddable":true,"href":"https:\/\/fibrosisquistica.org\/en\/wp-json\/wp\/v2\/tags?post=3665"}],"curies":[{"name":"wp","href":"https:\/\/api.w.org\/{rel}","templated":true}]}}