{"id":3698,"date":"2017-05-22T11:17:03","date_gmt":"2017-05-22T11:17:03","guid":{"rendered":"https:\/\/fibrosisquistica.org\/?p=3698"},"modified":"2021-07-06T06:41:29","modified_gmt":"2021-07-06T06:41:29","slug":"quieres-asistir-al-family-day-de-la-40a-conferencia-europea-de-fibrosis-quistica","status":"publish","type":"post","link":"https:\/\/fibrosisquistica.org\/en\/quieres-asistir-al-family-day-de-la-40a-conferencia-europea-de-fibrosis-quistica\/","title":{"rendered":"\u00bfQuieres asistir al \u201cFamily Day\u201d de la 40\u00aa Conferencia Europea de Fibrosis Qu\u00edstica?"},"content":{"rendered":"<p>El pr\u00f3ximo <strong>10 de junio<\/strong> se celebrar\u00e1 en Sevilla un <strong>\u201cFamily Day\u201d<\/strong>, en el marco de la 40\u00aa Conferencia Europea de Fibrosis Qu\u00edstica, en el que habr\u00e1 interesantes ponencias sobre distintos aspectos relacionados con la enfermedad y que estar\u00e1n dirigidas a personas con FQ y sus familiares.<\/p>\n<p>Esta jornada est\u00e1 organizada por Cystic Fibrosis Europe, la Federaci\u00f3n Espa\u00f1ola de Fibrosis Qu\u00edstca y la Asociaci\u00f3n Andaluza de Fibrosis Qu\u00edstica, y se celebrar\u00e1 en el <strong>Ayre Hotel Sevilla de 9:00 a 14:30 horas.<\/strong><\/p>\n<p>La <strong>inscripci\u00f3n es gratuita<\/strong> y puede realizarse hasta el lunes 5 de junio rellenando <a href=\"https:\/\/goo.gl\/forms\/37MVpUVSzv0mPgqh2\" target=\"_blank\" rel=\"noopener noreferrer nofollow\">este formulario de inscripci\u00f3n.<\/a><\/p>\n<p style=\"background: white; text-align: center;\"><span style=\"font-size: 11.5pt; font-family: 'Segoe UI','sans-serif'; color: #212121;\"><strong>PROGRAMA DEFINITIVO Y PONENTES<\/strong><\/span><\/p>\n<p>09.00-09.30 \u2013 Recepci\u00f3n y apertura. Jacquelien Noordhoek, presidenta CFE \/ Antonio Merino, vicepresidente FEFQ \/ Auxiliadora Dom\u00ednguez, presidenta AAFQ<\/p>\n<p>09:30-10:15 &#8211; Nuevos enfoques de las terapias de FQ. Prof. Dr. Mieke Boon, neum\u00f3logo<\/p>\n<p>10:15-11:00 &#8211; Promover la resiliencia y el bienestar psicol\u00f3gico. Maya Kirszenbaum, psic\u00f3loga<\/p>\n<p>11:00-11:15 \u2013 Pausa caf\u00e9<\/p>\n<p>11:15-12:00 &#8211; Envejecer con Fibrosis Qu\u00edstica. Estela del Valle Rodr\u00edguez, psic\u00f3loga<\/p>\n<p>12:00-12:45 &#8211; Opciones reproductivas en pacientes portadores de Fibrosis Qu\u00edstica. Irene Marcos Luque, Unidad de Gen\u00e9tica y Reproducci\u00f3n Asistida. Hospital Virgen del Roc\u00edo<\/p>\n<p>12:45-13:30 &#8211; Controlar la infecci\u00f3n en Fibrosis Qu\u00edstica. Ann Raman, enfermera<\/p>\n<p>13:30-13:45 \u2013 Acto de clausura. Jacquelien Noordhoek, presidenta CFE \/ Antonio Merino, vicepresidente FEFQ \/ Auxiliadora Dom\u00ednguez, presidenta AAFQ<\/p>\n<p>13:45-14:30 &#8211; Comida<\/p>\n<p style=\"text-align: center;\"><a href=\"https:\/\/fibrosisquistica.org\/wp-content\/uploads\/2017\/05\/Programa-definitivo-Family-Day-espaol-2.jpg\" rel=\"attachment wp-att-3732\"><img loading=\"lazy\" decoding=\"async\" class=\"alignnone size-medium wp-image-3732\" src=\"https:\/\/fibrosisquistica.org\/wp-content\/uploads\/2017\/05\/Programa-definitivo-Family-Day-espaol-2-212x300.jpg\" alt=\"Programa definitivo Family Day espa\u00f1ol\" width=\"212\" height=\"300\" title=\"\"><\/a><\/p>\n<p><strong>M\u00e1s informaci\u00f3n: <\/strong><\/p>\n<p>Federaci\u00f3n Espa\u00f1ola de Fibrosis Qu\u00edstica<\/p>\n<p>Tel\u00e9fono: 96 331 82 00<\/p>\n<p>E-mail: fqfederacion@fibrosis.org<\/p>","protected":false},"excerpt":{"rendered":"<p>El pr\u00f3ximo 10 de junio&#8230;<\/p>","protected":false},"author":22,"featured_media":10477,"comment_status":"closed","ping_status":"closed","sticky":false,"template":"","format":"standard","meta":{"_acf_changed":false,"footnotes":""},"categories":[72,8,51],"tags":[],"class_list":{"0":"post-3698","1":"post","2":"type-post","3":"status-publish","4":"format-standard","5":"has-post-thumbnail","7":"category-asociaciones","8":"category-federacion","9":"category-formacion"},"acf":[],"_links":{"self":[{"href":"https:\/\/fibrosisquistica.org\/en\/wp-json\/wp\/v2\/posts\/3698","targetHints":{"allow":["GET"]}}],"collection":[{"href":"https:\/\/fibrosisquistica.org\/en\/wp-json\/wp\/v2\/posts"}],"about":[{"href":"https:\/\/fibrosisquistica.org\/en\/wp-json\/wp\/v2\/types\/post"}],"author":[{"embeddable":true,"href":"https:\/\/fibrosisquistica.org\/en\/wp-json\/wp\/v2\/users\/22"}],"replies":[{"embeddable":true,"href":"https:\/\/fibrosisquistica.org\/en\/wp-json\/wp\/v2\/comments?post=3698"}],"version-history":[{"count":2,"href":"https:\/\/fibrosisquistica.org\/en\/wp-json\/wp\/v2\/posts\/3698\/revisions"}],"predecessor-version":[{"id":11957,"href":"https:\/\/fibrosisquistica.org\/en\/wp-json\/wp\/v2\/posts\/3698\/revisions\/11957"}],"wp:featuredmedia":[{"embeddable":true,"href":"https:\/\/fibrosisquistica.org\/en\/wp-json\/wp\/v2\/media\/10477"}],"wp:attachment":[{"href":"https:\/\/fibrosisquistica.org\/en\/wp-json\/wp\/v2\/media?parent=3698"}],"wp:term":[{"taxonomy":"category","embeddable":true,"href":"https:\/\/fibrosisquistica.org\/en\/wp-json\/wp\/v2\/categories?post=3698"},{"taxonomy":"post_tag","embeddable":true,"href":"https:\/\/fibrosisquistica.org\/en\/wp-json\/wp\/v2\/tags?post=3698"}],"curies":[{"name":"wp","href":"https:\/\/api.w.org\/{rel}","templated":true}]}}