{"id":3710,"date":"2017-05-24T14:51:28","date_gmt":"2017-05-24T14:51:28","guid":{"rendered":"https:\/\/fibrosisquistica.org\/?p=3710"},"modified":"2021-07-06T06:38:48","modified_gmt":"2021-07-06T06:38:48","slug":"la-asociacion-aragonesa-de-fq-celebrara-un-concierto-benefico-el-16-de-junio-en-el-auditorio-de-zaragoza","status":"publish","type":"post","link":"https:\/\/fibrosisquistica.org\/en\/la-asociacion-aragonesa-de-fq-celebrara-un-concierto-benefico-el-16-de-junio-en-el-auditorio-de-zaragoza\/","title":{"rendered":"La Asociaci\u00f3n Aragonesa de FQ celebrar\u00e1 un concierto ben\u00e9fico el 16 de junio en el Auditorio de Zaragoza"},"content":{"rendered":"<p>La Asociaci\u00f3n Aragonesa de Fibrosis Qu\u00edstica celebrar\u00e1 un concierto ben\u00e9fico, el\u00a0viernes 16 de junio\u00a0a las\u00a020:00h, en el\u00a0Auditorio de Zaragoza (Sala Luis Galve), de la mano del\u00a0Coro Amici Musicae.<\/p>\n<p>Como solistas:<\/p>\n<p>\u2013 Beatriz Gimeno (mezzosoprano).<\/p>\n<p>\u2013 Nacho del R\u00edo (Tenor).<\/p>\n<p>\u2013 Miguel \u00c1ngel Tapia (piano).<\/p>\n<p>La actuaci\u00f3n ser\u00e1 dirigida por los directores musicales:<\/p>\n<p>\u2013 Javier Garc\u00e9s.<\/p>\n<p>\u2013 Elena Ru\u00edz-Ortega.<\/p>\n<p>Las entradas tienen un coste de\u00a07 euros y tambi\u00e9n est\u00e1 disponible la\u00a0fila cero\u00a0para la gente que quiera colaborar con la Fibrosis Qu\u00edstica. Se pueden adquirir las entradas en la sede de la asociaci\u00f3n o a trav\u00e9s de los socios\/as.<\/p>\n<p>El coro Amici Musicae del Auditorio de Zaragoza colabora con la asociaci\u00f3n de forma altruista y su m\u00fasica es espectacular. Os animamos a asistir al concierto y divulgarlo entre vuestros allegados.<\/p>\n<p style=\"text-align: center;\"><a href=\"https:\/\/fibrosisquistica.org\/wp-content\/uploads\/2017\/05\/programa-concierto-amici-musicae-1.pdf\" rel=\"\">Programa del concierto<\/a><\/p>\n<p style=\"text-align: center;\">","protected":false},"excerpt":{"rendered":"<p>La Asociaci\u00f3n Aragonesa de Fibrosis&#8230;<\/p>","protected":false},"author":22,"featured_media":10429,"comment_status":"closed","ping_status":"closed","sticky":false,"template":"","format":"standard","meta":{"_acf_changed":false,"footnotes":""},"categories":[72,77],"tags":[],"class_list":{"0":"post-3710","1":"post","2":"type-post","3":"status-publish","4":"format-standard","5":"has-post-thumbnail","7":"category-asociaciones","8":"category-sensibilizacion"},"acf":[],"_links":{"self":[{"href":"https:\/\/fibrosisquistica.org\/en\/wp-json\/wp\/v2\/posts\/3710","targetHints":{"allow":["GET"]}}],"collection":[{"href":"https:\/\/fibrosisquistica.org\/en\/wp-json\/wp\/v2\/posts"}],"about":[{"href":"https:\/\/fibrosisquistica.org\/en\/wp-json\/wp\/v2\/types\/post"}],"author":[{"embeddable":true,"href":"https:\/\/fibrosisquistica.org\/en\/wp-json\/wp\/v2\/users\/22"}],"replies":[{"embeddable":true,"href":"https:\/\/fibrosisquistica.org\/en\/wp-json\/wp\/v2\/comments?post=3710"}],"version-history":[{"count":1,"href":"https:\/\/fibrosisquistica.org\/en\/wp-json\/wp\/v2\/posts\/3710\/revisions"}],"predecessor-version":[{"id":11955,"href":"https:\/\/fibrosisquistica.org\/en\/wp-json\/wp\/v2\/posts\/3710\/revisions\/11955"}],"wp:featuredmedia":[{"embeddable":true,"href":"https:\/\/fibrosisquistica.org\/en\/wp-json\/wp\/v2\/media\/10429"}],"wp:attachment":[{"href":"https:\/\/fibrosisquistica.org\/en\/wp-json\/wp\/v2\/media?parent=3710"}],"wp:term":[{"taxonomy":"category","embeddable":true,"href":"https:\/\/fibrosisquistica.org\/en\/wp-json\/wp\/v2\/categories?post=3710"},{"taxonomy":"post_tag","embeddable":true,"href":"https:\/\/fibrosisquistica.org\/en\/wp-json\/wp\/v2\/tags?post=3710"}],"curies":[{"name":"wp","href":"https:\/\/api.w.org\/{rel}","templated":true}]}}