{"id":3737,"date":"2017-05-27T08:08:02","date_gmt":"2017-05-27T08:08:02","guid":{"rendered":"https:\/\/fibrosisquistica.org\/?p=3737"},"modified":"2021-07-06T06:37:53","modified_gmt":"2021-07-06T06:37:53","slug":"voluntarios-para-la-40a-conferencia-sociedad-europea-de-fibrosis-quistica","status":"publish","type":"post","link":"https:\/\/fibrosisquistica.org\/en\/voluntarios-para-la-40a-conferencia-sociedad-europea-de-fibrosis-quistica\/","title":{"rendered":"Voluntarios para la 40\u00aa Conferencia Sociedad Europea de Fibrosis Qu\u00edstica"},"content":{"rendered":"<p>Del 5 al 10 de junio, Sevilla acoger\u00e1 la 40\u00aa Conferencia de la Sociedad Europea de Fibrosis Qu\u00edstica en FIBES. A ella acudir\u00e1n m\u00e1s de 2500 m\u00e9dicos de todo el mundo para conocer los \u00faltimos avances en el tratamiento de la enfermedad.<\/p>\n<p>Buscamos voluntarios que tengan conocimiento de ingl\u00e9s y sean mayores de edad para cubrir principalmente turnos de ma\u00f1ana, aunque tambi\u00e9n lunes y s\u00e1bado para el montaje y desmontaje. No pueden ser personas con Fibrosis Qu\u00edstica, pero s\u00ed amigos, parejas, familiares\u2026<\/p>\n<p>Las personas que participen como voluntarios, podr\u00e1n entrar gratis en las conferencias fuera de sus turnos. Los turnos se pueden ver en el siguiente enlace: <a href=\"https:\/\/form.jotformeu.com\/70254767009357\" rel=\"nofollow noopener\" target=\"_blank\">https:\/\/form.jotformeu.com\/70254767009357<\/a><\/p>\n<p>Si est\u00e1is interesados en colaborar como voluntarios, pod\u00e9is poneros en contacto con la Federaci\u00f3n Espa\u00f1ola de Fibrosis Qu\u00edstica a trav\u00e9s del tel\u00e9fono <strong>96 331 82 00\u00a0<\/strong>o por correo electr\u00f3nico<strong>\u00a0<a href=\"mailto:fqfederacion@fibrosis.org\">fqfederacion@fibrosis.org<\/a><\/strong><\/p>\n<p style=\"text-align: center;\">\u00a1Muchas gracias por vuestra colaboraci\u00f3n!<\/p>","protected":false},"excerpt":{"rendered":"<p>Del 5 al 10 de&#8230;<\/p>","protected":false},"author":22,"featured_media":10451,"comment_status":"closed","ping_status":"closed","sticky":false,"template":"","format":"standard","meta":{"_acf_changed":false,"footnotes":""},"categories":[72,8,51],"tags":[],"class_list":{"0":"post-3737","1":"post","2":"type-post","3":"status-publish","4":"format-standard","5":"has-post-thumbnail","7":"category-asociaciones","8":"category-federacion","9":"category-formacion"},"acf":[],"_links":{"self":[{"href":"https:\/\/fibrosisquistica.org\/en\/wp-json\/wp\/v2\/posts\/3737","targetHints":{"allow":["GET"]}}],"collection":[{"href":"https:\/\/fibrosisquistica.org\/en\/wp-json\/wp\/v2\/posts"}],"about":[{"href":"https:\/\/fibrosisquistica.org\/en\/wp-json\/wp\/v2\/types\/post"}],"author":[{"embeddable":true,"href":"https:\/\/fibrosisquistica.org\/en\/wp-json\/wp\/v2\/users\/22"}],"replies":[{"embeddable":true,"href":"https:\/\/fibrosisquistica.org\/en\/wp-json\/wp\/v2\/comments?post=3737"}],"version-history":[{"count":1,"href":"https:\/\/fibrosisquistica.org\/en\/wp-json\/wp\/v2\/posts\/3737\/revisions"}],"predecessor-version":[{"id":11954,"href":"https:\/\/fibrosisquistica.org\/en\/wp-json\/wp\/v2\/posts\/3737\/revisions\/11954"}],"wp:featuredmedia":[{"embeddable":true,"href":"https:\/\/fibrosisquistica.org\/en\/wp-json\/wp\/v2\/media\/10451"}],"wp:attachment":[{"href":"https:\/\/fibrosisquistica.org\/en\/wp-json\/wp\/v2\/media?parent=3737"}],"wp:term":[{"taxonomy":"category","embeddable":true,"href":"https:\/\/fibrosisquistica.org\/en\/wp-json\/wp\/v2\/categories?post=3737"},{"taxonomy":"post_tag","embeddable":true,"href":"https:\/\/fibrosisquistica.org\/en\/wp-json\/wp\/v2\/tags?post=3737"}],"curies":[{"name":"wp","href":"https:\/\/api.w.org\/{rel}","templated":true}]}}