{"id":3752,"date":"2017-05-30T09:14:56","date_gmt":"2017-05-30T09:14:56","guid":{"rendered":"https:\/\/fibrosisquistica.org\/?p=3752"},"modified":"2021-07-06T06:37:32","modified_gmt":"2021-07-06T06:37:32","slug":"la-federacion-y-varias-asociaciones-de-fq-premiadas-por-vitalaire","status":"publish","type":"post","link":"https:\/\/fibrosisquistica.org\/en\/la-federacion-y-varias-asociaciones-de-fq-premiadas-por-vitalaire\/","title":{"rendered":"La Federaci\u00f3n y varias asociaciones de FQ, premiadas por VitalAire"},"content":{"rendered":"<p>VitalAire ha celebrado en el Colegio Oficial de M\u00e9dicos de Madrid el acto de entrega de las \u201cAyudas Paciente VitalAire\u201d, proyecto con el cual la compa\u00f1\u00eda pone a disposici\u00f3n de las asociaciones de pacientes una dotaci\u00f3n total de 47.000 euros para que puedan desarrollar programas que atiendan a las necesidades espec\u00edficas de las personas que conviven con este tipo de patolog\u00edas.<\/p>\n<p>La primera edici\u00f3n de las \u201cAyudas Paciente VitalAire\u201d beneficia a un total de 16 proyectos que se desarrollar\u00e1n en diferentes puntos de Espa\u00f1a. Se trata de iniciativas relacionadas con programas de concienciaci\u00f3n y promoci\u00f3n de la salud para enfermedades respiratorias, programas educacionales y de formaci\u00f3n para pacientes de terapias respiratorias y programas de apoyo a cuidadores de personas con estas patolog\u00edas.<\/p>\n<p>Con estas ayudas, VitalAire quiere fomentar el tejido de asociaciones de pacientes respiratorios de Espa\u00f1a, apoy\u00e1ndoles en el desarrollo de proyectos de calado que ayuden no s\u00f3lo a los beneficiarios de las terapias respiratorias, sino tambi\u00e9n a sus familiares y al personal de soporte que trabajan d\u00eda a d\u00eda para mejorar la calidad de vida de los pacientes. A trav\u00e9s de estas ayudas, VitalAire tambi\u00e9n reitera y consolida la relaci\u00f3n que ha tenido siempre con las asociaciones de pacientes respiratorios en nuestro pa\u00eds.<\/p>\n<p>De un total de 38 candidaturas presentadas, se han seleccionado 16 iniciativas ganadoras, que han recibido dotaciones que van desde los 5.000 hasta los 1.000 euros, dependiendo de la valoraci\u00f3n de los proyectos. Las candidatas seleccionadas han sido: ADELA Valencia, ASEMEVA, Asociaci\u00f3n Murciana de Fibrosis Qu\u00edstica, Asociaci\u00f3n Gallega de Fibrosis Qu\u00edstica, Asociaci\u00f3n de Fibrosis Qu\u00edstica de la Comunidad Valenciana, Asociaci\u00f3n de Fibrosis Qu\u00edstica del Pa\u00eds Vasco, Asociaci\u00f3n Madrile\u00f1a contra la Fibrosis Qu\u00edstica, Federaci\u00f3n Espa\u00f1ola de Fibrosis Qu\u00edstica, Asmamadrid, Asociaci\u00f3n Aragonesa de Fibrosis Qu\u00edstica, Asociaci\u00f3n Nacional de Hipertensi\u00f3n Pulmonar y la Asociaci\u00f3n Alfa 1 de Espa\u00f1a.<\/p>","protected":false},"excerpt":{"rendered":"<p>VitalAire ha celebrado en el&#8230;<\/p>","protected":false},"author":22,"featured_media":10453,"comment_status":"closed","ping_status":"closed","sticky":false,"template":"","format":"standard","meta":{"_acf_changed":false,"footnotes":""},"categories":[72,8],"tags":[],"class_list":{"0":"post-3752","1":"post","2":"type-post","3":"status-publish","4":"format-standard","5":"has-post-thumbnail","7":"category-asociaciones","8":"category-federacion"},"acf":[],"_links":{"self":[{"href":"https:\/\/fibrosisquistica.org\/en\/wp-json\/wp\/v2\/posts\/3752","targetHints":{"allow":["GET"]}}],"collection":[{"href":"https:\/\/fibrosisquistica.org\/en\/wp-json\/wp\/v2\/posts"}],"about":[{"href":"https:\/\/fibrosisquistica.org\/en\/wp-json\/wp\/v2\/types\/post"}],"author":[{"embeddable":true,"href":"https:\/\/fibrosisquistica.org\/en\/wp-json\/wp\/v2\/users\/22"}],"replies":[{"embeddable":true,"href":"https:\/\/fibrosisquistica.org\/en\/wp-json\/wp\/v2\/comments?post=3752"}],"version-history":[{"count":1,"href":"https:\/\/fibrosisquistica.org\/en\/wp-json\/wp\/v2\/posts\/3752\/revisions"}],"predecessor-version":[{"id":11953,"href":"https:\/\/fibrosisquistica.org\/en\/wp-json\/wp\/v2\/posts\/3752\/revisions\/11953"}],"wp:featuredmedia":[{"embeddable":true,"href":"https:\/\/fibrosisquistica.org\/en\/wp-json\/wp\/v2\/media\/10453"}],"wp:attachment":[{"href":"https:\/\/fibrosisquistica.org\/en\/wp-json\/wp\/v2\/media?parent=3752"}],"wp:term":[{"taxonomy":"category","embeddable":true,"href":"https:\/\/fibrosisquistica.org\/en\/wp-json\/wp\/v2\/categories?post=3752"},{"taxonomy":"post_tag","embeddable":true,"href":"https:\/\/fibrosisquistica.org\/en\/wp-json\/wp\/v2\/tags?post=3752"}],"curies":[{"name":"wp","href":"https:\/\/api.w.org\/{rel}","templated":true}]}}