{"id":3794,"date":"2017-06-08T07:37:25","date_gmt":"2017-06-08T07:37:25","guid":{"rendered":"https:\/\/fibrosisquistica.org\/?p=3794"},"modified":"2021-07-06T06:35:29","modified_gmt":"2021-07-06T06:35:29","slug":"da-comienzo-en-sevilla-la-40a-conferencia-europea-de-fibrosis-quistica","status":"publish","type":"post","link":"https:\/\/fibrosisquistica.org\/en\/da-comienzo-en-sevilla-la-40a-conferencia-europea-de-fibrosis-quistica\/","title":{"rendered":"Da comienzo en Sevilla la 40\u00aa Conferencia Europea de Fibrosis Qu\u00edstica"},"content":{"rendered":"<p><strong>Arranc\u00f3 ayer mi\u00e9rcoles 7 de junio y continuar\u00e1 hasta el s\u00e1bado 10 de junio en el Palacio de Exposiciones y Congresos de Sevilla FIBES<\/strong><\/p>\n<p>Durante los d\u00edas 7, 8, 9 y 10 de junio de 2017 se celebra en Sevilla la 40\u00aa Conferencia Europea de Fibrosis Qu\u00edstica, organizada por la <strong>Sociedad Europea de Fibrosis Qu\u00edstica (ECFS)<\/strong>, que espera acoger a 2.500 especialistas de todo el mundo.<\/p>\n<p>La <strong>Dra. Ester Quintana<\/strong>, neum\u00f3loga de la Unidad de Fibrosis Qu\u00edstica del Hospital Virgen del Roc\u00edo de Sevilla, fue la encargada de inaugurar esta 40\u00aa Conferencia Europea de Fibrosis Qu\u00edstica, como presidenta de la misma, cuya finalidad es conseguir la mayor participaci\u00f3n posible de todos los profesionales de la salud relacionados con la FQ, que normalmente no pueden acudir a los congresos que se celebran fuera de Espa\u00f1a. Adem\u00e1s de la doctora Esther Quintana, forman parte del comit\u00e9 organizador del congreso la <strong>Dra.<\/strong> <strong>Kris De Boeck<\/strong>, presidenta de la ECFS; y la <strong>Dra.<\/strong> <strong>Concha Prados<\/strong>, presidenta de la Sociedad Espa\u00f1ola de FQ.<\/p>\n<p>El objetivo de este congreso es <strong>proporcionar un foro para la discusi\u00f3n de la ciencia b\u00e1sica y aplicada en FQ<\/strong> y facilitar la traducci\u00f3n de los \u00faltimos conocimientos en la pr\u00e1ctica cl\u00ednica diaria. El programa, que ha sido elaborado por especialistas internacionales, refleja estas prioridades y contiene temas cient\u00edficos y cl\u00ednicos.<\/p>\n<p>Hace siete a\u00f1os se celebr\u00f3 en Valencia la 33\u00aa Conferencia Europea de Fibrosis Qu\u00edstica. Muchos avances han sucedido para la Fibrosis Qu\u00edstica en estos a\u00f1os gracias a la dedicaci\u00f3n y el trabajo duro de todos los profesionales implicados en el tratamiento y la investigaci\u00f3n de la FQ. El programa est\u00e1 compuesto por mesas redondas, ponencias y talleres pr\u00e1cticos, que tratar\u00e1n <strong>temas importantes de la Fibrosis Qu\u00edstica<\/strong>, como trasplante pulmonar, nueva generaci\u00f3n microbiol\u00f3gica, nutrici\u00f3n, fertilidad o ejercicio f\u00edsico y huesos.<\/p>\n<p>Como broche a la celebraci\u00f3n, el 10 de junio tendr\u00e1 lugar un <strong>\u201cFamily Day\u201d<\/strong> en el que habr\u00e1 ponencias sobre distintos aspectos relacionados con la enfermedad y que estar\u00e1n dirigidas a personas con FQ y sus familiares. Nuevos enfoques de las terapias de FQ, resiliencia y el bienestar psicol\u00f3gico, envejecer con Fibrosis Qu\u00edstica, opciones reproductivas en pacientes portadores de Fibrosis Qu\u00edstica, o control de la infecci\u00f3n en Fibrosis Qu\u00edstica son algunos de los temas que se tratar\u00e1n.<\/p>\n<p>Esta jornada est\u00e1 organizada por <strong>Cystic Fibrosis Europe, la Federaci\u00f3n Espa\u00f1ola de Fibrosis Qu\u00edstca y la Asociaci\u00f3n Andaluza de Fibrosis Qu\u00edstica, <\/strong>y se celebrar\u00e1 en el Ayre Hotel Sevilla de 9.00 a 14.30 horas.<\/p>\n<p>&nbsp;<\/p>","protected":false},"excerpt":{"rendered":"<p>Arranc\u00f3 ayer mi\u00e9rcoles 7 de&#8230;<\/p>","protected":false},"author":22,"featured_media":10460,"comment_status":"closed","ping_status":"closed","sticky":false,"template":"","format":"standard","meta":{"_acf_changed":false,"footnotes":""},"categories":[8,72,51],"tags":[],"class_list":{"0":"post-3794","1":"post","2":"type-post","3":"status-publish","4":"format-standard","5":"has-post-thumbnail","7":"category-federacion","8":"category-asociaciones","9":"category-formacion"},"acf":[],"_links":{"self":[{"href":"https:\/\/fibrosisquistica.org\/en\/wp-json\/wp\/v2\/posts\/3794","targetHints":{"allow":["GET"]}}],"collection":[{"href":"https:\/\/fibrosisquistica.org\/en\/wp-json\/wp\/v2\/posts"}],"about":[{"href":"https:\/\/fibrosisquistica.org\/en\/wp-json\/wp\/v2\/types\/post"}],"author":[{"embeddable":true,"href":"https:\/\/fibrosisquistica.org\/en\/wp-json\/wp\/v2\/users\/22"}],"replies":[{"embeddable":true,"href":"https:\/\/fibrosisquistica.org\/en\/wp-json\/wp\/v2\/comments?post=3794"}],"version-history":[{"count":1,"href":"https:\/\/fibrosisquistica.org\/en\/wp-json\/wp\/v2\/posts\/3794\/revisions"}],"predecessor-version":[{"id":11951,"href":"https:\/\/fibrosisquistica.org\/en\/wp-json\/wp\/v2\/posts\/3794\/revisions\/11951"}],"wp:featuredmedia":[{"embeddable":true,"href":"https:\/\/fibrosisquistica.org\/en\/wp-json\/wp\/v2\/media\/10460"}],"wp:attachment":[{"href":"https:\/\/fibrosisquistica.org\/en\/wp-json\/wp\/v2\/media?parent=3794"}],"wp:term":[{"taxonomy":"category","embeddable":true,"href":"https:\/\/fibrosisquistica.org\/en\/wp-json\/wp\/v2\/categories?post=3794"},{"taxonomy":"post_tag","embeddable":true,"href":"https:\/\/fibrosisquistica.org\/en\/wp-json\/wp\/v2\/tags?post=3794"}],"curies":[{"name":"wp","href":"https:\/\/api.w.org\/{rel}","templated":true}]}}