{"id":3798,"date":"2017-06-12T08:18:00","date_gmt":"2017-06-12T08:18:00","guid":{"rendered":"https:\/\/fibrosisquistica.org\/?p=3798"},"modified":"2021-07-05T08:27:44","modified_gmt":"2021-07-05T08:27:44","slug":"la-asociacion-aragonesa-esta-desarrollando-un-proyecto-de-atencion-integral-para-las-personas-con-fq-y-familias","status":"publish","type":"post","link":"https:\/\/fibrosisquistica.org\/en\/la-asociacion-aragonesa-esta-desarrollando-un-proyecto-de-atencion-integral-para-las-personas-con-fq-y-familias\/","title":{"rendered":"La Asociaci\u00f3n Aragonesa est\u00e1 desarrollando un proyecto de atenci\u00f3n integral para las personas con FQ y familias"},"content":{"rendered":"<ul>\n<li><strong>El objetivo de este proyecto es la promoci\u00f3n de la autonom\u00eda personal a trav\u00e9s de formaci\u00f3n en rehabilitaci\u00f3n respiratoria, atenci\u00f3n psicosocial y talleres de formaci\u00f3n de educaci\u00f3n terap\u00e9utica<\/strong><\/li>\n<\/ul>\n<ul>\n<li><strong>Este proyecto forma parte de las convocatorias de subvenciones de COCEMFE y est\u00e1 financiado a trav\u00e9s del 0,7% del IRPF del Ministerio de Sanidad, Servicios Sociales e Igualdad<\/strong><\/li>\n<\/ul>\n<ul>\n<li><strong>La Asociaci\u00f3n Aragonesa de Fibrosis Qu\u00edstica ejecuta este proyecto gracias a la solidaridad de los contribuyentes que marcaron la casilla de Actividades de Inter\u00e9s general consideradas de inter\u00e9s social en su declaraci\u00f3n de la renta<\/strong><\/li>\n<\/ul>\n<p>La Asociaci\u00f3n Aragonesa de Fibrosis Qu\u00edstica (AAFQ) est\u00e1 desarrollando durante 2017 el proyecto \u201cAtenci\u00f3n integral para personas con fibrosis qu\u00edstica y familias\u201d, con el que se pretende fomentar la autonom\u00eda personal de las personas con discapacidad afectadas de fibrosis qu\u00edstica y prev\u00e9 beneficiar a 65 personas directamente con F.Q. y a 225 personas indirectas.<\/p>\n<p>Este proyecto se ejecuta gracias a la subvenci\u00f3n de 15.000 euros procedente del 0,7% del IRPF del Ministerio de Sanidad, Servicios Sociales e Igualdad gestionado por COCEMFE. La Confederaci\u00f3n gestiona esta subvenci\u00f3n para que sus entidades miembros puedan financiar sus proyectos prioritarios, al tiempo que les proporciona asesoramiento y realiza el seguimiento durante la elaboraci\u00f3n, ejecuci\u00f3n y justificaci\u00f3n de los mismos. En este caso, el proyecto se enmarca en el Programa de COCEMFE dirigido a la promoci\u00f3n de la autonom\u00eda personal y vida independiente.<\/p>\n<p>El proyecto consiste en la impartici\u00f3n de formaci\u00f3n de sesiones de fisioterapia respiratoria donde las personas participantes aprenden ejercicios y t\u00e9cnicas respiratorias para el drenaje y expulsi\u00f3n de secreciones, con los que evitan obstrucciones, infecciones e inflamaciones pulmonares.<\/p>\n<p>El presidente de la AAFQ, Jos\u00e9 Antonio Hern\u00e1ndez Olivan, asegura que \u201cla fisioterapia respiratoria es muy beneficiosa, ya que con ella se mejoran patrones ventilatorios, se trabaja la musculatura respiratoria y se mejora la capacidad pulmonar; todo ello llevado a cabo por una fisioterapeuta especializada en el campo de respiratorio\u201d.<\/p>\n<p>Con este proyecto, tambi\u00e9n se proporciona un servicio de acogida a reci\u00e9n diagnosticados y de informaci\u00f3n, orientaci\u00f3n y apoyo psicosocial tutelado por una trabajadora social. Ambas profesionales asesoran en cuanto a la adherencia del tratamiento en F.Q.<\/p>\n<p>Asimismo, este proyecto contempla talleres de formaci\u00f3n de educaci\u00f3n terap\u00e9utica para mejorar el autocuidado, adquisici\u00f3n de habilidades sociales y aceptaci\u00f3n de la enfermedad. Todo ello hace que se mejore la calidad de vida, la salud y el bienestar de estas personas con discapacidad afectadas de F.Q. y patolog\u00edas respiratorias as\u00ed como sus familias. \u201cLa importancia de esta iniciativa radica en que somos la \u00fanica entidad en Arag\u00f3n que imparte dichos servicios\u201c, afirma Hern\u00e1ndez Olivan.<\/p>\n<p>Proyectos como \u00e9ste se desarrollan gracias a la solidaridad de los contribuyentes que cada a\u00f1o marcan en su declaraci\u00f3n de la renta la casilla de Actividades de Inter\u00e9s general consideradas de inter\u00e9s social.<\/p>\n<p><a href=\"https:\/\/fibrosisquistica.org\/wp-content\/uploads\/2017\/06\/atencion-social.jpg\" rel=\"attachment wp-att-3800\"><img loading=\"lazy\" decoding=\"async\" class=\"alignnone size-medium wp-image-3800\" src=\"https:\/\/fibrosisquistica.org\/wp-content\/uploads\/2017\/06\/atencion-social-169x300.jpg\" alt=\"atencion social\" width=\"169\" height=\"300\" title=\"\"><\/a><\/p>","protected":false},"excerpt":{"rendered":"<p>El objetivo de este proyecto&#8230;<\/p>","protected":false},"author":22,"featured_media":10465,"comment_status":"closed","ping_status":"closed","sticky":false,"template":"","format":"standard","meta":{"_acf_changed":false,"footnotes":""},"categories":[72],"tags":[],"class_list":{"0":"post-3798","1":"post","2":"type-post","3":"status-publish","4":"format-standard","5":"has-post-thumbnail","7":"category-asociaciones"},"acf":[],"_links":{"self":[{"href":"https:\/\/fibrosisquistica.org\/en\/wp-json\/wp\/v2\/posts\/3798","targetHints":{"allow":["GET"]}}],"collection":[{"href":"https:\/\/fibrosisquistica.org\/en\/wp-json\/wp\/v2\/posts"}],"about":[{"href":"https:\/\/fibrosisquistica.org\/en\/wp-json\/wp\/v2\/types\/post"}],"author":[{"embeddable":true,"href":"https:\/\/fibrosisquistica.org\/en\/wp-json\/wp\/v2\/users\/22"}],"replies":[{"embeddable":true,"href":"https:\/\/fibrosisquistica.org\/en\/wp-json\/wp\/v2\/comments?post=3798"}],"version-history":[{"count":1,"href":"https:\/\/fibrosisquistica.org\/en\/wp-json\/wp\/v2\/posts\/3798\/revisions"}],"predecessor-version":[{"id":11948,"href":"https:\/\/fibrosisquistica.org\/en\/wp-json\/wp\/v2\/posts\/3798\/revisions\/11948"}],"wp:featuredmedia":[{"embeddable":true,"href":"https:\/\/fibrosisquistica.org\/en\/wp-json\/wp\/v2\/media\/10465"}],"wp:attachment":[{"href":"https:\/\/fibrosisquistica.org\/en\/wp-json\/wp\/v2\/media?parent=3798"}],"wp:term":[{"taxonomy":"category","embeddable":true,"href":"https:\/\/fibrosisquistica.org\/en\/wp-json\/wp\/v2\/categories?post=3798"},{"taxonomy":"post_tag","embeddable":true,"href":"https:\/\/fibrosisquistica.org\/en\/wp-json\/wp\/v2\/tags?post=3798"}],"curies":[{"name":"wp","href":"https:\/\/api.w.org\/{rel}","templated":true}]}}