{"id":3821,"date":"2017-06-13T16:37:06","date_gmt":"2017-06-13T16:37:06","guid":{"rendered":"https:\/\/fibrosisquistica.org\/?p=3821"},"modified":"2021-07-05T08:19:21","modified_gmt":"2021-07-05T08:19:21","slug":"chandrexatrail-colabora-con-la-asociacion-gallega-de-fibrosis-quistica","status":"publish","type":"post","link":"https:\/\/fibrosisquistica.org\/en\/chandrexatrail-colabora-con-la-asociacion-gallega-de-fibrosis-quistica\/","title":{"rendered":"ChandrexaTrail colabora con la Asociaci\u00f3n Gallega de Fibrosis Qu\u00edstica"},"content":{"rendered":"<p style=\"background: white;\"><span style=\"font-size: 11.5pt; font-family: 'Segoe UI','sans-serif'; color: #212121;\">El pr\u00f3ximo<span class=\"apple-converted-space\"><b>\u00a0<\/b><\/span><strong><span style=\"font-family: 'Segoe UI','sans-serif';\">domingo 25 de junio<\/span><\/strong><span class=\"apple-converted-space\">\u00a0<\/span>la Asociaci\u00f3n Gallega de Fibrosis Qu\u00edstica os espera en Chandrexa\u00a0Queixa (Ourense)<\/span><\/p>\n<p style=\"background: white; font-variant-ligatures: normal; font-variant-caps: normal; orphans: 2; text-align: start; widows: 2; -webkit-text-stroke-width: 0px; text-decoration-style: initial; text-decoration-color: initial; word-spacing: 0px;\"><span style=\"font-size: 11.5pt; font-family: 'Segoe UI','sans-serif'; color: #212121;\">A\u00fan puedes inscribirte hasta el 22 de junio en el siguiente enlace:<\/span><\/p>\n<p style=\"background: white; font-variant-ligatures: normal; font-variant-caps: normal; orphans: 2; text-align: start; widows: 2; -webkit-text-stroke-width: 0px; text-decoration-style: initial; text-decoration-color: initial; word-spacing: 0px;\"><span style=\"font-size: 11.5pt; font-family: 'Segoe UI','sans-serif'; color: #212121;\"><a href=\"https:\/\/championchipnorte.com\/evento\/detalle\/id\/1171\/chandrexa-trail-2017\" target=\"_blank\" rel=\"noopener noreferrer nofollow\">https:\/\/championchipnorte.com\/evento\/detalle\/id\/1171\/chandrexa-trail-2017<\/a><\/span><\/p>\n<p style=\"background: white; font-variant-ligatures: normal; font-variant-caps: normal; orphans: 2; text-align: start; widows: 2; -webkit-text-stroke-width: 0px; text-decoration-style: initial; text-decoration-color: initial; word-spacing: 0px;\"><span style=\"font-size: 11.5pt; font-family: 'Segoe UI','sans-serif'; color: #212121;\">Todo el que lo desee podr\u00e1<span class=\"apple-converted-space\">\u00a0<\/span><strong><span style=\"font-family: 'Segoe UI','sans-serif';\">hacer un donativo con su inscripci\u00f3n<\/span><\/strong><span class=\"apple-converted-space\">\u00a0<\/span>y, si no est\u00e1is interesados en hacer ninguna de las pruebas, tambi\u00e9n tendr\u00e9is a vuestra disposici\u00f3n un<span class=\"apple-converted-space\">\u00a0<\/span><strong><span style=\"font-family: 'Segoe UI','sans-serif';\">dorsal solidario<\/span><\/strong>\u00a0cuyos beneficios<span class=\"apple-converted-space\"><b>\u00a0<\/b><\/span><strong><span style=\"font-family: 'Segoe UI','sans-serif';\">ir\u00e1n destinados a la Asociaci\u00f3n Gallega de Fibrosis Qu\u00edstica<\/span><\/strong>.<\/span><\/p>\n<p style=\"background: white; font-variant-ligatures: normal; font-variant-caps: normal; orphans: 2; text-align: start; widows: 2; -webkit-text-stroke-width: 0px; text-decoration-style: initial; text-decoration-color: initial; word-spacing: 0px;\"><span style=\"font-size: 11.5pt; font-family: 'Segoe UI','sans-serif'; color: #212121;\">Durante el Trail, la asociaci\u00f3n tendr\u00e1<span class=\"apple-converted-space\">\u00a0<\/span><strong><span style=\"font-family: 'Segoe UI','sans-serif';\">un stand informativo<\/span><\/strong><span class=\"apple-converted-space\">\u00a0<\/span>donde podr\u00e9is conocer la Fibrosis Qu\u00edstica con m\u00e1s profundidad y colaborar adquiriendo a su mascota Pulmonito.<\/span><\/p>\n<p style=\"background: white; font-variant-ligatures: normal; font-variant-caps: normal; orphans: 2; text-align: start; widows: 2; -webkit-text-stroke-width: 0px; text-decoration-style: initial; text-decoration-color: initial; word-spacing: 0px;\"><span style=\"font-size: 11.5pt; font-family: 'Segoe UI','sans-serif'; color: #212121;\">Adem\u00e1s, un colaborador de la asociaci\u00f3n muy muy querido, nuestro amigo<span class=\"apple-converted-space\">\u00a0<\/span><strong><span style=\"font-family: 'Segoe UI','sans-serif';\">JABAL\u00cd DO SACHO,<\/span><\/strong>\u00a0har\u00e1 de speaker durante todo el trail.<\/span><\/p>\n<p style=\"background: white; font-variant-ligatures: normal; font-variant-caps: normal; orphans: 2; text-align: start; widows: 2; -webkit-text-stroke-width: 0px; text-decoration-style: initial; text-decoration-color: initial; word-spacing: 0px;\"><span style=\"font-size: 11.5pt; font-family: 'Segoe UI','sans-serif'; color: #212121;\">\u00a1\u00a1\u00a1Con tu granito de arena podemos hacer monta\u00f1as para luego recorrerlas todos juntos!!!<\/span><\/p>\n<p style=\"background: white; font-variant-ligatures: normal; font-variant-caps: normal; orphans: 2; text-align: start; widows: 2; -webkit-text-stroke-width: 0px; text-decoration-style: initial; text-decoration-color: initial; word-spacing: 0px;\"><strong><span style=\"font-size: 11.5pt; font-family: 'Segoe UI','sans-serif'; color: green;\">\u00abT\u00fa respiras sin pensar, yo s\u00f3lo pienso en respirar\u00bb<\/span><\/strong><\/p>\n<p style=\"background: white; font-variant-ligatures: normal; font-variant-caps: normal; orphans: 2; text-align: start; widows: 2; -webkit-text-stroke-width: 0px; text-decoration-style: initial; text-decoration-color: initial; word-spacing: 0px;\"><strong><span style=\"font-size: 11.5pt; font-family: 'Segoe UI','sans-serif'; color: green;\">\u00abLos besos m\u00e1s dulces saben a SAL\u00bb<\/span><\/strong><\/p>\n<p style=\"background: white; font-variant-ligatures: normal; font-variant-caps: normal; orphans: 2; text-align: start; widows: 2; -webkit-text-stroke-width: 0px; text-decoration-style: initial; text-decoration-color: initial; word-spacing: 0px;\"><strong><span style=\"font-size: 11.5pt; font-family: 'Segoe UI','sans-serif'; color: green;\">\u00abRespira la vida\u00bb<\/span><\/strong><\/p>\n<p style=\"background: white; font-variant-ligatures: normal; font-variant-caps: normal; orphans: 2; text-align: start; widows: 2; -webkit-text-stroke-width: 0px; text-decoration-style: initial; text-decoration-color: initial; word-spacing: 0px;\"><span style=\"font-size: 11.5pt; font-family: 'Segoe UI','sans-serif'; color: #212121;\">http:\/\/www.chandrexatrail.com\/<\/span><\/p>\n<p style=\"background: white; font-variant-ligatures: normal; font-variant-caps: normal; orphans: 2; text-align: start; widows: 2; -webkit-text-stroke-width: 0px; text-decoration-style: initial; text-decoration-color: initial; word-spacing: 0px;\"><span style=\"font-size: 11.5pt; font-family: 'Segoe UI','sans-serif'; color: #212121;\"><a href=\"http:\/\/www.fqgalicia.org\/\" target=\"_blank\" rel=\"noopener noreferrer nofollow\">http:\/\/www.fqgalicia.org\/<\/a><span class=\"apple-converted-space\">\u00a0<\/span><br \/>\n@ Fibrosis Quistica de Galicia<\/span><\/p>","protected":false},"excerpt":{"rendered":"<p>El pr\u00f3ximo\u00a0domingo 25 de junio\u00a0la&#8230;<\/p>","protected":false},"author":22,"featured_media":10426,"comment_status":"closed","ping_status":"closed","sticky":false,"template":"","format":"standard","meta":{"_acf_changed":false,"footnotes":""},"categories":[72,77],"tags":[],"class_list":{"0":"post-3821","1":"post","2":"type-post","3":"status-publish","4":"format-standard","5":"has-post-thumbnail","7":"category-asociaciones","8":"category-sensibilizacion"},"acf":[],"_links":{"self":[{"href":"https:\/\/fibrosisquistica.org\/en\/wp-json\/wp\/v2\/posts\/3821","targetHints":{"allow":["GET"]}}],"collection":[{"href":"https:\/\/fibrosisquistica.org\/en\/wp-json\/wp\/v2\/posts"}],"about":[{"href":"https:\/\/fibrosisquistica.org\/en\/wp-json\/wp\/v2\/types\/post"}],"author":[{"embeddable":true,"href":"https:\/\/fibrosisquistica.org\/en\/wp-json\/wp\/v2\/users\/22"}],"replies":[{"embeddable":true,"href":"https:\/\/fibrosisquistica.org\/en\/wp-json\/wp\/v2\/comments?post=3821"}],"version-history":[{"count":1,"href":"https:\/\/fibrosisquistica.org\/en\/wp-json\/wp\/v2\/posts\/3821\/revisions"}],"predecessor-version":[{"id":11947,"href":"https:\/\/fibrosisquistica.org\/en\/wp-json\/wp\/v2\/posts\/3821\/revisions\/11947"}],"wp:featuredmedia":[{"embeddable":true,"href":"https:\/\/fibrosisquistica.org\/en\/wp-json\/wp\/v2\/media\/10426"}],"wp:attachment":[{"href":"https:\/\/fibrosisquistica.org\/en\/wp-json\/wp\/v2\/media?parent=3821"}],"wp:term":[{"taxonomy":"category","embeddable":true,"href":"https:\/\/fibrosisquistica.org\/en\/wp-json\/wp\/v2\/categories?post=3821"},{"taxonomy":"post_tag","embeddable":true,"href":"https:\/\/fibrosisquistica.org\/en\/wp-json\/wp\/v2\/tags?post=3821"}],"curies":[{"name":"wp","href":"https:\/\/api.w.org\/{rel}","templated":true}]}}