{"id":4005,"date":"2017-09-07T12:24:38","date_gmt":"2017-09-07T12:24:38","guid":{"rendered":"https:\/\/fibrosisquistica.org\/?p=4005"},"modified":"2021-07-02T09:31:10","modified_gmt":"2021-07-02T09:31:10","slug":"blanca-ruiz-presidenta-de-la-federacion-participa-en-el-encuentro-de-la-uimp-y-cofares-sobre-farmacia-comunitaria","status":"publish","type":"post","link":"https:\/\/fibrosisquistica.org\/en\/blanca-ruiz-presidenta-de-la-federacion-participa-en-el-encuentro-de-la-uimp-y-cofares-sobre-farmacia-comunitaria\/","title":{"rendered":"Blanca Ruiz, presidenta de la Federaci\u00f3n, participa en el encuentro de la UIMP y Cofares sobre farmacia comunitaria"},"content":{"rendered":"<p>Los d\u00edas 6 y 7 de septiembre se ha celebrado en Santander un encuentro\u00a0de la Universidad Internacional Men\u00e9ndez Pelayo (UIMP), titulado \u00abLa farmacia comunitaria con y por el paciente\u00bb, organizado por el Instituto de Formaci\u00f3n Cofares.<\/p>\n<p>En \u00e9l han participado diferentes expertos del sector de la farmacia comunitaria y de los pacientes, con el objetivo de avanzar en la calidad de la atenci\u00f3n farmac\u00e9utica, estrechar la confianza mutua y reflexionar juntos ante los retos existentes.<\/p>\n<p>Blanca Ruiz, presidenta de la Federaci\u00f3n Espa\u00f1ola de Fibrosis Qu\u00edstica, asisti\u00f3 ayer\u00a0como representante de la Plataforma de Organizaciones de Pacientes y apunt\u00f3\u00a0que la farmacia comunitaria aparece como la sexta fuente de informaci\u00f3n a la que acuden los pacientes para consultar sobre su enfermedad. Por ello, hizo\u00a0un llamamiento al personal farmac\u00e9utico, para que sea visto por los pacientes \u00abcomo un agente del sistema nacional de salud\u00bb.<\/p>\n<p>El encuentro\u00a0ha finalizado hoy con la conferencia de clausura de Encarnaci\u00f3n Cruz, directora general de Farmacia del Ministerio de Sanidad, con quien Blanca Ruiz ha podido cruzar algunas palabras al finalizar el acto. Le ha mostrado\u00a0nuestra preocupaci\u00f3n por la situaci\u00f3n con el medicamento Orkambi y la ha emplazado a una reuni\u00f3n en los pr\u00f3ximos d\u00edas para poder tratar este tema en profundidad, a lo que Encarnaci\u00f3n Cruz ha mostrado muy buena disposici\u00f3n.<\/p>\n<p><a href=\"https:\/\/fibrosisquistica.org\/wp-content\/uploads\/2017\/09\/IMG-20170907-WA0005.jpg\" rel=\"attachment wp-att-4009\"><img loading=\"lazy\" decoding=\"async\" class=\"alignnone size-medium wp-image-4009\" src=\"https:\/\/fibrosisquistica.org\/wp-content\/uploads\/2017\/09\/IMG-20170907-WA0005-169x300.jpg\" alt=\"IMG-20170907-WA0005\" width=\"169\" height=\"300\" title=\"\"><\/a><\/p>","protected":false},"excerpt":{"rendered":"<p>Los d\u00edas 6 y 7&#8230;<\/p>","protected":false},"author":22,"featured_media":10424,"comment_status":"closed","ping_status":"closed","sticky":false,"template":"","format":"standard","meta":{"_acf_changed":false,"footnotes":""},"categories":[8,51],"tags":[],"class_list":{"0":"post-4005","1":"post","2":"type-post","3":"status-publish","4":"format-standard","5":"has-post-thumbnail","7":"category-federacion","8":"category-formacion"},"acf":[],"_links":{"self":[{"href":"https:\/\/fibrosisquistica.org\/en\/wp-json\/wp\/v2\/posts\/4005","targetHints":{"allow":["GET"]}}],"collection":[{"href":"https:\/\/fibrosisquistica.org\/en\/wp-json\/wp\/v2\/posts"}],"about":[{"href":"https:\/\/fibrosisquistica.org\/en\/wp-json\/wp\/v2\/types\/post"}],"author":[{"embeddable":true,"href":"https:\/\/fibrosisquistica.org\/en\/wp-json\/wp\/v2\/users\/22"}],"replies":[{"embeddable":true,"href":"https:\/\/fibrosisquistica.org\/en\/wp-json\/wp\/v2\/comments?post=4005"}],"version-history":[{"count":1,"href":"https:\/\/fibrosisquistica.org\/en\/wp-json\/wp\/v2\/posts\/4005\/revisions"}],"predecessor-version":[{"id":11908,"href":"https:\/\/fibrosisquistica.org\/en\/wp-json\/wp\/v2\/posts\/4005\/revisions\/11908"}],"wp:featuredmedia":[{"embeddable":true,"href":"https:\/\/fibrosisquistica.org\/en\/wp-json\/wp\/v2\/media\/10424"}],"wp:attachment":[{"href":"https:\/\/fibrosisquistica.org\/en\/wp-json\/wp\/v2\/media?parent=4005"}],"wp:term":[{"taxonomy":"category","embeddable":true,"href":"https:\/\/fibrosisquistica.org\/en\/wp-json\/wp\/v2\/categories?post=4005"},{"taxonomy":"post_tag","embeddable":true,"href":"https:\/\/fibrosisquistica.org\/en\/wp-json\/wp\/v2\/tags?post=4005"}],"curies":[{"name":"wp","href":"https:\/\/api.w.org\/{rel}","templated":true}]}}