{"id":4085,"date":"2017-10-25T07:43:45","date_gmt":"2017-10-25T07:43:45","guid":{"rendered":"https:\/\/fibrosisquistica.org\/?p=4085"},"modified":"2021-07-02T09:27:29","modified_gmt":"2021-07-02T09:27:29","slug":"se-celebra-este-sabado-en-menorca-la-7a-caminata-contra-la-fibrosis-quistica","status":"publish","type":"post","link":"https:\/\/fibrosisquistica.org\/en\/se-celebra-este-sabado-en-menorca-la-7a-caminata-contra-la-fibrosis-quistica\/","title":{"rendered":"Se celebra este s\u00e1bado en Menorca la 7\u00aa CAMINATA contra la Fibrosis Qu\u00edstica"},"content":{"rendered":"<p>Con el lema #caminayrespira, el s\u00e1bado 28 de octubre, a las 10:30 horas, tendr\u00e1 lugar esta CAMINATA de unos 6 km en Ciutadella (Menorca), con salida y llegada desde Plaza de los Pinos.<\/p>\n<p>La caminata, organizada por las hermanas Mollie-Ann y Becky Borr\u00e0s, junto con la Asociaci\u00f3n Balear de Fibrosis Qu\u00edstica y la Fundaci\u00f3n Respiralia, es en beneficio de los ni\u00f1os y j\u00f3venes con Fibrosis Qu\u00edstica de Menorca.<\/p>\n<p>Si quieres mostrar tu solidaridad, simplemente tienes que ir a la plaza de los Pinos el s\u00e1bado 28 de octubre a las 10:30 h y caminar por las calles de Ciutadella con estas hermanas. Camina y respira con ellas. El objetivo es buscar patrocinadores que den dinero a la Asociaci\u00f3n Balear de Fibrosis Qu\u00edstica\/Fundaci\u00f3n Respiralia (La Caixa: ES96 2100 0207 56 0200299873).<\/p>\n<p>Si lo prefieres, la semana del 23 al 28 de octubre tambi\u00e9n podr\u00e1s pasarte por los establecimientos de la \u00d3ptica Barrau Fuente (<a href=\"http:\/\/www.opticabarrau.com\/\" rel=\"nofollow noopener\" target=\"_blank\">www.opticabarrau.com<\/a>) y conseguir tu camiseta y tu dorsal. Si lo haces as\u00ed disfrutar\u00e1s de un 40% de descuento en gafas de sol y graduadas, as\u00ed como en aud\u00edfonos. Y tambi\u00e9n podr\u00e1s disfrutar de un mes de lentes de contacto gratis. Descuentos no aplicables a promociones.<\/p>\n<p>Al finalizar la caminata (12:00 h), habr\u00e1 un sorteo de varios art\u00edculos en la plaza de los Pinos.<\/p>\n<p>Puedes consultar aqu\u00ed el folleto informativo: <a href=\"https:\/\/fibrosisquistica.org\/wp-content\/uploads\/2017\/10\/Folleto_Caminata2017.pdf\" rel=\"\">Folleto Caminata 2017<\/a><\/p>\n<p><strong>Para m\u00e1s info:<\/strong> <a href=\"http:\/\/www.respiralia.org\/\" rel=\"nofollow noopener\" target=\"_blank\">www.respiralia.org<\/a> \u00b7 871401596 y FB Respiralia \u00b7 #caminayrespira<\/p>","protected":false},"excerpt":{"rendered":"<p>Con el lema #caminayrespira, el&#8230;<\/p>","protected":false},"author":22,"featured_media":10413,"comment_status":"closed","ping_status":"closed","sticky":false,"template":"","format":"standard","meta":{"_acf_changed":false,"footnotes":""},"categories":[72,77],"tags":[],"class_list":{"0":"post-4085","1":"post","2":"type-post","3":"status-publish","4":"format-standard","5":"has-post-thumbnail","7":"category-asociaciones","8":"category-sensibilizacion"},"acf":[],"_links":{"self":[{"href":"https:\/\/fibrosisquistica.org\/en\/wp-json\/wp\/v2\/posts\/4085","targetHints":{"allow":["GET"]}}],"collection":[{"href":"https:\/\/fibrosisquistica.org\/en\/wp-json\/wp\/v2\/posts"}],"about":[{"href":"https:\/\/fibrosisquistica.org\/en\/wp-json\/wp\/v2\/types\/post"}],"author":[{"embeddable":true,"href":"https:\/\/fibrosisquistica.org\/en\/wp-json\/wp\/v2\/users\/22"}],"replies":[{"embeddable":true,"href":"https:\/\/fibrosisquistica.org\/en\/wp-json\/wp\/v2\/comments?post=4085"}],"version-history":[{"count":1,"href":"https:\/\/fibrosisquistica.org\/en\/wp-json\/wp\/v2\/posts\/4085\/revisions"}],"predecessor-version":[{"id":11901,"href":"https:\/\/fibrosisquistica.org\/en\/wp-json\/wp\/v2\/posts\/4085\/revisions\/11901"}],"wp:featuredmedia":[{"embeddable":true,"href":"https:\/\/fibrosisquistica.org\/en\/wp-json\/wp\/v2\/media\/10413"}],"wp:attachment":[{"href":"https:\/\/fibrosisquistica.org\/en\/wp-json\/wp\/v2\/media?parent=4085"}],"wp:term":[{"taxonomy":"category","embeddable":true,"href":"https:\/\/fibrosisquistica.org\/en\/wp-json\/wp\/v2\/categories?post=4085"},{"taxonomy":"post_tag","embeddable":true,"href":"https:\/\/fibrosisquistica.org\/en\/wp-json\/wp\/v2\/tags?post=4085"}],"curies":[{"name":"wp","href":"https:\/\/api.w.org\/{rel}","templated":true}]}}