{"id":4093,"date":"2017-10-31T11:45:43","date_gmt":"2017-10-31T11:45:43","guid":{"rendered":"https:\/\/fibrosisquistica.org\/?p=4093"},"modified":"2021-07-02T09:26:32","modified_gmt":"2021-07-02T09:26:32","slug":"la-fundacion-juan-carlos-ferrero-organiza-un-street-tennis-este-sabado-en-requena-con-el-que-siguen-difundiendo-la-fq","status":"publish","type":"post","link":"https:\/\/fibrosisquistica.org\/en\/la-fundacion-juan-carlos-ferrero-organiza-un-street-tennis-este-sabado-en-requena-con-el-que-siguen-difundiendo-la-fq\/","title":{"rendered":"La Fundaci\u00f3n Juan Carlos Ferrero organiza un Street Tennis este s\u00e1bado en Requena, con el que siguen difundiendo la FQ"},"content":{"rendered":"<p>Desde la Fundaci\u00f3n Juan Carlos Ferrero deciden apostar por un tenis de todos y para todos, por lo que llevan a cabo el proyecto \u201cStreet tennis\u201d, conocido tambi\u00e9n como \u201cTenis a la calle\u201d. En colaboraci\u00f3n con el Ayuntamiento de Requena y el Club de Tenis Requena, as\u00ed como con la Fundaci\u00f3n Deporte Joven del Consejo Superior de Deportes y la Federaci\u00f3n Espa\u00f1ola de Fibrosis Qu\u00edstica, organizan el pr\u00f3ximo s\u00e1bado 4 de noviembre en Requena un Street Tennis dirigido a todos los ni\u00f1os y ni\u00f1as de la localidad y alrededores.<\/p>\n<p>El evento se celebrar\u00e1 por la ma\u00f1ana en el Monumento a la Vendimia de la localidad, de 10:30 a 13:00h. Los participantes ser\u00e1n ni\u00f1os y ni\u00f1as con edades comprendidas entre los 4 y los 16 a\u00f1os. En esta actividad solidaria se sortear\u00e1n numerosos regalos entre los participantes.<\/p>\n<p>Juan Carlos Ferrero, \u2018alma mater\u2019 de la fundaci\u00f3n del ex n\u00famero uno mundial, destaca el valor de la cita: \u00abLa idea es la que siempre hemos difundido: no queremos que nadie se quede sin tenis. Queremos que este deporte llegue a todos los aficionados y especialmente a los m\u00e1s peque\u00f1os, que son el futuro. Sin ellos no somos nada\u201d.<\/p>\n<p>Juan Olivert, director del proyecto Street tennis, comenta por su parte: \u201cAnimo a todos los chavales a que participen en estas actividades, ya que podr\u00e1n vivir una experiencia \u00fanica en todos los sentidos. En los a\u00f1os pasados, el \u2018Street Tennis\u2019 tuvo un \u00e9xito arrollador y esta temporada seguro que lo repetimos o, incluso, aumentamos\u201d.<\/p>\n<p>Este proyecto colabora con la Federaci\u00f3n Espa\u00f1ola de Fibrosis Qu\u00edstica, intentado dar difusi\u00f3n al conocimiento de la enfermedad y a la lucha que realiza nuestra entidad.<\/p>","protected":false},"excerpt":{"rendered":"<p>Desde la Fundaci\u00f3n Juan Carlos&#8230;<\/p>","protected":false},"author":22,"featured_media":10388,"comment_status":"closed","ping_status":"closed","sticky":false,"template":"","format":"standard","meta":{"_acf_changed":false,"footnotes":""},"categories":[8,77],"tags":[],"class_list":{"0":"post-4093","1":"post","2":"type-post","3":"status-publish","4":"format-standard","5":"has-post-thumbnail","7":"category-federacion","8":"category-sensibilizacion"},"acf":[],"_links":{"self":[{"href":"https:\/\/fibrosisquistica.org\/en\/wp-json\/wp\/v2\/posts\/4093","targetHints":{"allow":["GET"]}}],"collection":[{"href":"https:\/\/fibrosisquistica.org\/en\/wp-json\/wp\/v2\/posts"}],"about":[{"href":"https:\/\/fibrosisquistica.org\/en\/wp-json\/wp\/v2\/types\/post"}],"author":[{"embeddable":true,"href":"https:\/\/fibrosisquistica.org\/en\/wp-json\/wp\/v2\/users\/22"}],"replies":[{"embeddable":true,"href":"https:\/\/fibrosisquistica.org\/en\/wp-json\/wp\/v2\/comments?post=4093"}],"version-history":[{"count":1,"href":"https:\/\/fibrosisquistica.org\/en\/wp-json\/wp\/v2\/posts\/4093\/revisions"}],"predecessor-version":[{"id":11899,"href":"https:\/\/fibrosisquistica.org\/en\/wp-json\/wp\/v2\/posts\/4093\/revisions\/11899"}],"wp:featuredmedia":[{"embeddable":true,"href":"https:\/\/fibrosisquistica.org\/en\/wp-json\/wp\/v2\/media\/10388"}],"wp:attachment":[{"href":"https:\/\/fibrosisquistica.org\/en\/wp-json\/wp\/v2\/media?parent=4093"}],"wp:term":[{"taxonomy":"category","embeddable":true,"href":"https:\/\/fibrosisquistica.org\/en\/wp-json\/wp\/v2\/categories?post=4093"},{"taxonomy":"post_tag","embeddable":true,"href":"https:\/\/fibrosisquistica.org\/en\/wp-json\/wp\/v2\/tags?post=4093"}],"curies":[{"name":"wp","href":"https:\/\/api.w.org\/{rel}","templated":true}]}}