{"id":4112,"date":"2017-10-29T11:29:02","date_gmt":"2017-10-29T11:29:02","guid":{"rendered":"https:\/\/fibrosisquistica.org\/?p=4112"},"modified":"2021-07-02T09:27:04","modified_gmt":"2021-07-02T09:27:04","slug":"los-pacientes-logran-la-participacion-real-en-el-sistema-nacional-de-salud","status":"publish","type":"post","link":"https:\/\/fibrosisquistica.org\/en\/los-pacientes-logran-la-participacion-real-en-el-sistema-nacional-de-salud\/","title":{"rendered":"Los pacientes logran la participaci\u00f3n real en el Sistema Nacional de Salud"},"content":{"rendered":"<p>\u201cUn\u00a0<strong>hito hist\u00f3rico para el Sistema Nacional de Salud <\/strong>en general y para los pacientes en particular\u201d. As\u00ed ha calificado el presidente de la Plataforma de Organizaciones de Pacientes (POP), Tom\u00e1s Castillo, la firma del convenio marco de colaboraci\u00f3n entre los pacientes y el Ministerio de Sanidad, Servicios Sociales e Igualdad, el primero que el Gobierno central firma con los pacientes.<\/p>\n<p>Este hito coincide con el tercer aniversario de la POP este 29 de octubre: \u201cCon la constituci\u00f3n de la Plataforma de Organizaciones de Pacientes (POP), en 2014 se culmin\u00f3 un proceso de unidad que agrupa a 27 organizaciones de pacientes y representa a unos\u00a0<strong>10<\/strong>\u00a0<strong>millones de<\/strong>\u00a0<strong>personas<\/strong>. Un proceso abierto, transparente y participativo, que otorga a la POP una representatividad casi un\u00e1nime\u201d, ha explicado Castillo.<\/p>\n<p>El convenio con el Ministerio reconoce que \u201c<strong>el paciente constituye el eje del Sistema Nacional de Salud<\/strong>\u00a0y, como tal, debe ser parte activa de \u00e9l\u201d. As\u00ed mismo, recoge que \u201cla participaci\u00f3n de pacientes o representantes de asociaciones de pacientes constituye un derecho democr\u00e1tico que permite mejorar la calidad del servicio asistencial y los resultados en salud\u201d. Y subraya que \u201cel papel de las asociaciones de pacientes cobra mayor importancia en el mantenimiento y buen funcionamiento del Sistema Nacional de Salud en los complejos momentos actuales\u201d.<\/p>\n<p>En este sentido, el acuerdo propone avanzar en \u201cla participaci\u00f3n de los pacientes en aquellas materias que contribuyan a mejorar la calidad asistencial, la equidad y cohesi\u00f3n del sistema, el empoderamiento de los pacientes y sus cuidadores en el mejor manejo y control de sus enfermedades\u201d.<\/p>\n<p>Esta participaci\u00f3n se va a materializar, entre otros aspectos, en la\u00a0<strong>inclusi\u00f3n de los pacientes en el Consejo Consultivo del Consejo Interterritorial del SNS<\/strong>, en su implicaci\u00f3n en las actuaciones de formaci\u00f3n y empoderamiento que se llevan a cabo desde el Ministerio de Sanidad Servicios Sociales e Igualdad y en \u201c<strong>participar de forma activa en las Estrategias de Salud<\/strong>\u201d del SNS.<\/p>\n<p>La Plataforma de Organizaciones de Pacientes tambi\u00e9n podr\u00e1\u00a0<strong>conocer los proyectos normativos impulsados por el Ministerio de Sanidad<\/strong>, as\u00ed como \u201cformular propuestas de actuaci\u00f3n de car\u00e1cter orientador\u201d al Ministerio en materias que afecten a los pacientes.<\/p>\n<p>\u201cFomentar la participaci\u00f3n de las asociaciones de pacientes en el \u00e1mbito de las pol\u00edticas sanitarias\u201d es otro de los puntos clave que recoge este convenio.<\/p>\n<p>Por otra parte y muy en la l\u00ednea de la propuesta de la\u00a0<strong>Ley de Cronicidad<\/strong>\u00a0que propone la POP, el acuerdo incluye el impulso de \u201cactuaciones que tengan por objeto la protecci\u00f3n integral de las personas con condiciones cr\u00f3nicas de salud\u201d. En este mismo sentido, el texto prev\u00e9 facilitar el acceso a la\u00a0<strong>informaci\u00f3n<\/strong>, fomentar la participaci\u00f3n del paciente en las actuaciones de\u00a0<strong>formaci\u00f3n<\/strong>\u00a0y\u00a0<strong>empoderamiento<\/strong>\u00a0del Ministerio, contribuir a la promoci\u00f3n y educaci\u00f3n para la prevenci\u00f3n de condiciones cr\u00f3nicas de salud y colaborar en la obtenci\u00f3n de una atenci\u00f3n adecuada a familiares y cuidadores.<\/p>\n<p>El convenio culmina con una serie de medidas destinadas a\u00a0<strong>incorporar la visi\u00f3n de los pacientes en el campo de los medicamentos y productos sanitarios<\/strong>\u00a0como la formaci\u00f3n e informaci\u00f3n a pacientes y sus organizaciones sobre aspectos relacionados con los procedimientos de aprobaci\u00f3n de medicamentos; su participaci\u00f3n en la investigaci\u00f3n cl\u00ednica; y sobre las acciones en las que se involucra a pacientes en la European Medicines Agency y fomentar su participaci\u00f3n en las mismas.<\/p>\n<p>\u201cEste acuerdo reconoce la necesidad de participaci\u00f3n de los pacientes en el SNS. Un texto en el que llevamos trabajando tres a\u00f1os\u201d, ha explicado el presidente de la POP. En su opini\u00f3n, este acuerdo \u201crefleja\u00a0<strong>la necesidad de que los pacientes nos integremos y participemos<\/strong>\u00a0m\u00e1s activamente en las comisiones donde se tratan asuntos que afectan a nuestra salud. Debemos y queremos involucrarnos m\u00e1s\u201d.<\/p>","protected":false},"excerpt":{"rendered":"<p>\u201cUn\u00a0hito hist\u00f3rico para el Sistema&#8230;<\/p>","protected":false},"author":22,"featured_media":10387,"comment_status":"closed","ping_status":"closed","sticky":false,"template":"","format":"standard","meta":{"_acf_changed":false,"footnotes":""},"categories":[74],"tags":[],"class_list":{"0":"post-4112","1":"post","2":"type-post","3":"status-publish","4":"format-standard","5":"has-post-thumbnail","7":"category-reivindicacion"},"acf":[],"_links":{"self":[{"href":"https:\/\/fibrosisquistica.org\/en\/wp-json\/wp\/v2\/posts\/4112","targetHints":{"allow":["GET"]}}],"collection":[{"href":"https:\/\/fibrosisquistica.org\/en\/wp-json\/wp\/v2\/posts"}],"about":[{"href":"https:\/\/fibrosisquistica.org\/en\/wp-json\/wp\/v2\/types\/post"}],"author":[{"embeddable":true,"href":"https:\/\/fibrosisquistica.org\/en\/wp-json\/wp\/v2\/users\/22"}],"replies":[{"embeddable":true,"href":"https:\/\/fibrosisquistica.org\/en\/wp-json\/wp\/v2\/comments?post=4112"}],"version-history":[{"count":1,"href":"https:\/\/fibrosisquistica.org\/en\/wp-json\/wp\/v2\/posts\/4112\/revisions"}],"predecessor-version":[{"id":11900,"href":"https:\/\/fibrosisquistica.org\/en\/wp-json\/wp\/v2\/posts\/4112\/revisions\/11900"}],"wp:featuredmedia":[{"embeddable":true,"href":"https:\/\/fibrosisquistica.org\/en\/wp-json\/wp\/v2\/media\/10387"}],"wp:attachment":[{"href":"https:\/\/fibrosisquistica.org\/en\/wp-json\/wp\/v2\/media?parent=4112"}],"wp:term":[{"taxonomy":"category","embeddable":true,"href":"https:\/\/fibrosisquistica.org\/en\/wp-json\/wp\/v2\/categories?post=4112"},{"taxonomy":"post_tag","embeddable":true,"href":"https:\/\/fibrosisquistica.org\/en\/wp-json\/wp\/v2\/tags?post=4112"}],"curies":[{"name":"wp","href":"https:\/\/api.w.org\/{rel}","templated":true}]}}