{"id":4154,"date":"2017-11-20T08:40:05","date_gmt":"2017-11-20T08:40:05","guid":{"rendered":"https:\/\/fibrosisquistica.org\/?p=4154"},"modified":"2021-07-02T09:22:18","modified_gmt":"2021-07-02T09:22:18","slug":"este-sabado-25-de-noviembre-se-celebra-la-fiesta-de-la-rosa-del-mar-contra-la-fq","status":"publish","type":"post","link":"https:\/\/fibrosisquistica.org\/en\/este-sabado-25-de-noviembre-se-celebra-la-fiesta-de-la-rosa-del-mar-contra-la-fq\/","title":{"rendered":"Este s\u00e1bado 25 de noviembre se celebra en Palma la Fiesta de la Rosa del Mar contra la FQ"},"content":{"rendered":"<p>La Fundaci\u00f3n Respiralia y la Asociaci\u00f3n Balear de Fibrosis Qu\u00edstica organizan una nueva edici\u00f3n de la Fiesta de la Rosa del Mar contra la Fibrosis Qu\u00edstica. Ser\u00e1 el s\u00e1bado 25 de noviembre, a las 18:30, en la Sala Capitana de Son Muntaner Golf (Palma).<br \/>\nEn este evento se entregar\u00e1 el Premio Rosa del Mar 2017 a la Organizaci\u00f3n Nacional de Trasplantes, cuya directora, la Dra. Beatriz Dom\u00ednguez-Gil, lo recoger\u00e1.<br \/>\nContar\u00e1n con la actuaci\u00f3n musical en ac\u00fastico del grupo Maic\u00f8 y un c\u00f3ctel servido por Amida Catering.<br \/>\nTambi\u00e9n se organizar\u00e1 un sorteo y una subasta de interesantes art\u00edculos.<br \/>\nDonativo entrada: 20,00 \u20ac<br \/>\nC\u00f3ctel cero: La Caixa ES96 2100 0207 5602 0029 9873<br \/>\nConfirmaci\u00f3n y reservas enviando un email a fundacio@respiralia.org<br \/>\nColaboran: Hotel Nixe Palace, Son Muntaner Golf, Air Europa, Grupo Amida, Maic\u00f8 e Imprenta Bah\u00eda<\/p>","protected":false},"excerpt":{"rendered":"<p>La Fundaci\u00f3n Respiralia y la&#8230;<\/p>","protected":false},"author":22,"featured_media":10393,"comment_status":"closed","ping_status":"closed","sticky":false,"template":"","format":"standard","meta":{"_acf_changed":false,"footnotes":""},"categories":[72,77],"tags":[],"class_list":{"0":"post-4154","1":"post","2":"type-post","3":"status-publish","4":"format-standard","5":"has-post-thumbnail","7":"category-asociaciones","8":"category-sensibilizacion"},"acf":[],"_links":{"self":[{"href":"https:\/\/fibrosisquistica.org\/en\/wp-json\/wp\/v2\/posts\/4154","targetHints":{"allow":["GET"]}}],"collection":[{"href":"https:\/\/fibrosisquistica.org\/en\/wp-json\/wp\/v2\/posts"}],"about":[{"href":"https:\/\/fibrosisquistica.org\/en\/wp-json\/wp\/v2\/types\/post"}],"author":[{"embeddable":true,"href":"https:\/\/fibrosisquistica.org\/en\/wp-json\/wp\/v2\/users\/22"}],"replies":[{"embeddable":true,"href":"https:\/\/fibrosisquistica.org\/en\/wp-json\/wp\/v2\/comments?post=4154"}],"version-history":[{"count":1,"href":"https:\/\/fibrosisquistica.org\/en\/wp-json\/wp\/v2\/posts\/4154\/revisions"}],"predecessor-version":[{"id":11896,"href":"https:\/\/fibrosisquistica.org\/en\/wp-json\/wp\/v2\/posts\/4154\/revisions\/11896"}],"wp:featuredmedia":[{"embeddable":true,"href":"https:\/\/fibrosisquistica.org\/en\/wp-json\/wp\/v2\/media\/10393"}],"wp:attachment":[{"href":"https:\/\/fibrosisquistica.org\/en\/wp-json\/wp\/v2\/media?parent=4154"}],"wp:term":[{"taxonomy":"category","embeddable":true,"href":"https:\/\/fibrosisquistica.org\/en\/wp-json\/wp\/v2\/categories?post=4154"},{"taxonomy":"post_tag","embeddable":true,"href":"https:\/\/fibrosisquistica.org\/en\/wp-json\/wp\/v2\/tags?post=4154"}],"curies":[{"name":"wp","href":"https:\/\/api.w.org\/{rel}","templated":true}]}}